{"id":1091,"date":"2021-08-12T17:35:41","date_gmt":"2021-08-12T16:35:41","guid":{"rendered":"https:\/\/www.lamaisongueth.eu\/?p=1091"},"modified":"2021-09-20T09:01:13","modified_gmt":"2021-09-20T08:01:13","slug":"voir-smara-le-film-recit-dun-voyage-singulier-et-a-velo","status":"publish","type":"post","link":"https:\/\/www.lamaisongueth.eu\/de\/voir-smara-le-film-recit-dun-voyage-singulier-et-a-velo\/","title":{"rendered":"&#8220;Voir Smara&#8220;, ein Film einer einzigartigen Fahrradreise"},"content":{"rendered":"<p>&#8220;Voir Smara&#8220;, ein Film von Marc Neusch, einem Kind von Hoste, auf seiner 15-monatigen, 13.000 km langen Radreise zwischen Europa und Nordafrika.<\/p>\n<p>Dieser Film wird am Donnerstag, <strong>16. September 2021 um 20 Uhr<\/strong> in La Maison G\u00fcth in Anwesenheit des Autors pr\u00e4sentiert.<\/p>\n<p><em>Inhalt: \u201eMarc ist ganz unten im Loch. Aus einer Laune heraus kauft er sich f\u00fcr 80 Euro einen alten Fahrrad und geht. Wohin? Er wei\u00df nicht. Warum? Er wird es unterwegs lernen. Seine Suche nach dem Nichts f\u00fchrt ihn nach Marokko und ver\u00e4ndert ihnen mehr, als er es sich jemals vorgestellt hat. Aus dieser &#8222;Unfallreise&#8220; macht er einen Film &#8222;zuf\u00e4llig&#8220;, in dem er uns das Tagebuch von 13000 km eines einsamen Reisenden und bewusst marginal.&#8220;<\/em><\/p>\n<p>Der Film wurde insbesondere an diesen Orten ausgew\u00e4hlt und\/oder pr\u00e4sentiert:<br \/>\nFestival <i>En roue libre<\/i> de Bruxelles BE<br \/>\nFestival <i>Festiv\u00e9lo<\/i> de Lausanne CH<br \/>\nSalle culturelle<i> Pianofabriek <\/i>Bruxelles BE<br \/>\nSalle culturelle <i>Le cercle des voyageurs<\/i> Bruxelles BE<br \/>\nSalle culturelle <i>Livre ou verre<\/i> de Charleroi BE<br \/>\nFestival <i>le Festival du Voyage \u00e0 V\u00e9lo<\/i> \u00e0 Nancy FR<br \/>\nFestival <i>V\u00e9losons<\/i> de Chamb\u00e9ry FR<br \/>\nFestival <i>Eurovelodrome <\/i>du Chalon FR<br \/>\nFestival <i>Du coin de la rue au bout du monde<\/i> de Colmar FR<br \/>\nConf\u00e9rence <i>Voyages \u00e9co-responsables<\/i> \u00e0 D\u00e4rstetten CH<\/p>","protected":false},"excerpt":{"rendered":"<p>&#8220;Voir Smara&#8220;, ein Film von Marc Neusch, einem Kind von Hoste, auf seiner 15-monatigen, 13.000 km langen Radreise zwischen Europa und Nordafrika. Dieser Film wird am Donnerstag, 16. September 2021 um 20 Uhr in La Maison G\u00fcth in Anwesenheit des Autors pr\u00e4sentiert. Inhalt: \u201eMarc ist ganz unten im Loch. Aus einer Laune heraus kauft er<span class=\"more-link\">Continue reading<\/span><\/p>\n","protected":false},"author":1,"featured_media":0,"comment_status":"closed","ping_status":"closed","sticky":false,"template":"","format":"standard","meta":{"footnotes":""},"categories":[4],"tags":[],"class_list":["post-1091","post","type-post","status-publish","format-standard","hentry","category-evenement"],"_links":{"self":[{"href":"https:\/\/www.lamaisongueth.eu\/de\/wp-json\/wp\/v2\/posts\/1091","targetHints":{"allow":["GET"]}}],"collection":[{"href":"https:\/\/www.lamaisongueth.eu\/de\/wp-json\/wp\/v2\/posts"}],"about":[{"href":"https:\/\/www.lamaisongueth.eu\/de\/wp-json\/wp\/v2\/types\/post"}],"author":[{"embeddable":true,"href":"https:\/\/www.lamaisongueth.eu\/de\/wp-json\/wp\/v2\/users\/1"}],"replies":[{"embeddable":true,"href":"https:\/\/www.lamaisongueth.eu\/de\/wp-json\/wp\/v2\/comments?post=1091"}],"version-history":[{"count":6,"href":"https:\/\/www.lamaisongueth.eu\/de\/wp-json\/wp\/v2\/posts\/1091\/revisions"}],"predecessor-version":[{"id":1139,"href":"https:\/\/www.lamaisongueth.eu\/de\/wp-json\/wp\/v2\/posts\/1091\/revisions\/1139"}],"wp:attachment":[{"href":"https:\/\/www.lamaisongueth.eu\/de\/wp-json\/wp\/v2\/media?parent=1091"}],"wp:term":[{"taxonomy":"category","embeddable":true,"href":"https:\/\/www.lamaisongueth.eu\/de\/wp-json\/wp\/v2\/categories?post=1091"},{"taxonomy":"post_tag","embeddable":true,"href":"https:\/\/www.lamaisongueth.eu\/de\/wp-json\/wp\/v2\/tags?post=1091"}],"curies":[{"name":"wp","href":"https:\/\/api.w.org\/{rel}","templated":true}]}}