{"id":1244,"date":"2022-06-07T08:50:13","date_gmt":"2022-06-07T07:50:13","guid":{"rendered":"https:\/\/www.lamaisongueth.eu\/?p=1244"},"modified":"2022-06-07T11:11:57","modified_gmt":"2022-06-07T10:11:57","slug":"warndt-week-end-folk-au-jardin-de-la-maison-guth","status":"publish","type":"post","link":"https:\/\/www.lamaisongueth.eu\/de\/warndt-week-end-folk-au-jardin-de-la-maison-guth\/","title":{"rendered":"Warndt week-end : &#8218;Folk au jardin&#8216; des Maison G\u00fcth"},"content":{"rendered":"<p>Im Rahmen des Warndt WeekEnd war das Maison G\u00fcth noch einmal offen am 4. und 5. Juni 2022.<br \/>\nAm Samstag spendete das sonnige Wetter (wieder) Trost: ein sch\u00f6ner Nachmittag in einer ruhigen und belebenden Atmosph\u00e4re.<br \/>\nAm Sonntag, dem 5. Juni, lud dagegen der Sturm zum Fest ein. Unerschrocken spielte die Gruppe QuetschKaschde ihre traditionellen Melodien in der Scheune. Ihre Komplizen, T\u00e4nzerinnen und T\u00e4nzer der Folkloregruppe \u201eLes Liserons\u201c [bitte in Kost\u00fcmen!] brachten das Publikum zum Tanzen. Nach dem Regen ging die Party im Garten weiter.<\/p>\n<p><div id='gallery-2' class='gallery galleryid-1244 gallery-columns-2 gallery-size-medium'><figure class='gallery-item'>\n\t\t\t<div class='gallery-icon landscape'>\n\t\t\t\t<a href='https:\/\/www.lamaisongueth.eu\/de\/warndt-week-end-folk-au-jardin-de-la-maison-guth\/lmgconcert28aout2022_1\/'><img loading=\"lazy\" decoding=\"async\" width=\"300\" height=\"165\" src=\"https:\/\/www.lamaisongueth.eu\/wordpress\/wp-content\/uploads\/2022\/05\/LMGconcert28aout2022_1-300x165.jpeg\" class=\"attachment-medium size-medium\" alt=\"\" srcset=\"https:\/\/www.lamaisongueth.eu\/wordpress\/wp-content\/uploads\/2022\/05\/LMGconcert28aout2022_1-300x165.jpeg 300w, https:\/\/www.lamaisongueth.eu\/wordpress\/wp-content\/uploads\/2022\/05\/LMGconcert28aout2022_1-1024x563.jpeg 1024w, https:\/\/www.lamaisongueth.eu\/wordpress\/wp-content\/uploads\/2022\/05\/LMGconcert28aout2022_1-768x422.jpeg 768w, https:\/\/www.lamaisongueth.eu\/wordpress\/wp-content\/uploads\/2022\/05\/LMGconcert28aout2022_1.jpeg 1280w\" sizes=\"auto, (max-width: 300px) 100vw, 300px\" \/><\/a>\n\t\t\t<\/div><\/figure><figure class='gallery-item'>\n\t\t\t<div class='gallery-icon landscape'>\n\t\t\t\t<a href='https:\/\/www.lamaisongueth.eu\/de\/warndt-week-end-folk-au-jardin-de-la-maison-guth\/lmgconcert28aout2022_2\/'><img loading=\"lazy\" decoding=\"async\" width=\"300\" height=\"225\" src=\"https:\/\/www.lamaisongueth.eu\/wordpress\/wp-content\/uploads\/2022\/05\/LMGconcert28aout2022_2-300x225.jpeg\" class=\"attachment-medium size-medium\" alt=\"\" srcset=\"https:\/\/www.lamaisongueth.eu\/wordpress\/wp-content\/uploads\/2022\/05\/LMGconcert28aout2022_2-300x225.jpeg 300w, https:\/\/www.lamaisongueth.eu\/wordpress\/wp-content\/uploads\/2022\/05\/LMGconcert28aout2022_2-1024x768.jpeg 1024w, https:\/\/www.lamaisongueth.eu\/wordpress\/wp-content\/uploads\/2022\/05\/LMGconcert28aout2022_2-768x576.jpeg 768w, https:\/\/www.lamaisongueth.eu\/wordpress\/wp-content\/uploads\/2022\/05\/LMGconcert28aout2022_2.jpeg 1280w\" sizes=\"auto, (max-width: 300px) 100vw, 300px\" \/><\/a>\n\t\t\t<\/div><\/figure><figure class='gallery-item'>\n\t\t\t<div class='gallery-icon landscape'>\n\t\t\t\t<a href='https:\/\/www.lamaisongueth.eu\/de\/warndt-week-end-folk-au-jardin-de-la-maison-guth\/lmgconcert28aout2022_3\/'><img loading=\"lazy\" decoding=\"async\" width=\"300\" height=\"227\" src=\"https:\/\/www.lamaisongueth.eu\/wordpress\/wp-content\/uploads\/2022\/05\/LMGconcert28aout2022_3-300x227.jpeg\" class=\"attachment-medium size-medium\" alt=\"\" srcset=\"https:\/\/www.lamaisongueth.eu\/wordpress\/wp-content\/uploads\/2022\/05\/LMGconcert28aout2022_3-300x227.jpeg 300w, https:\/\/www.lamaisongueth.eu\/wordpress\/wp-content\/uploads\/2022\/05\/LMGconcert28aout2022_3-1024x774.jpeg 1024w, https:\/\/www.lamaisongueth.eu\/wordpress\/wp-content\/uploads\/2022\/05\/LMGconcert28aout2022_3-768x580.jpeg 768w, https:\/\/www.lamaisongueth.eu\/wordpress\/wp-content\/uploads\/2022\/05\/LMGconcert28aout2022_3.jpeg 1280w\" sizes=\"auto, (max-width: 300px) 100vw, 300px\" \/><\/a>\n\t\t\t<\/div><\/figure><figure class='gallery-item'>\n\t\t\t<div class='gallery-icon landscape'>\n\t\t\t\t<a href='https:\/\/www.lamaisongueth.eu\/de\/warndt-week-end-folk-au-jardin-de-la-maison-guth\/lmgconcert28aout2022_4\/'><img loading=\"lazy\" decoding=\"async\" width=\"300\" height=\"225\" src=\"https:\/\/www.lamaisongueth.eu\/wordpress\/wp-content\/uploads\/2022\/05\/LMGconcert28aout2022_4-300x225.jpeg\" class=\"attachment-medium size-medium\" alt=\"\" srcset=\"https:\/\/www.lamaisongueth.eu\/wordpress\/wp-content\/uploads\/2022\/05\/LMGconcert28aout2022_4-300x225.jpeg 300w, https:\/\/www.lamaisongueth.eu\/wordpress\/wp-content\/uploads\/2022\/05\/LMGconcert28aout2022_4-1024x768.jpeg 1024w, https:\/\/www.lamaisongueth.eu\/wordpress\/wp-content\/uploads\/2022\/05\/LMGconcert28aout2022_4-768x576.jpeg 768w, https:\/\/www.lamaisongueth.eu\/wordpress\/wp-content\/uploads\/2022\/05\/LMGconcert28aout2022_4.jpeg 1280w\" sizes=\"auto, (max-width: 300px) 100vw, 300px\" \/><\/a>\n\t\t\t<\/div><\/figure><figure class='gallery-item'>\n\t\t\t<div class='gallery-icon landscape'>\n\t\t\t\t<a href='https:\/\/www.lamaisongueth.eu\/de\/warndt-week-end-folk-au-jardin-de-la-maison-guth\/lmgconcert28aout2022_5\/'><img loading=\"lazy\" decoding=\"async\" width=\"300\" height=\"225\" src=\"https:\/\/www.lamaisongueth.eu\/wordpress\/wp-content\/uploads\/2022\/05\/LMGconcert28aout2022_5-300x225.jpeg\" class=\"attachment-medium size-medium\" alt=\"\" srcset=\"https:\/\/www.lamaisongueth.eu\/wordpress\/wp-content\/uploads\/2022\/05\/LMGconcert28aout2022_5-300x225.jpeg 300w, https:\/\/www.lamaisongueth.eu\/wordpress\/wp-content\/uploads\/2022\/05\/LMGconcert28aout2022_5-1024x768.jpeg 1024w, https:\/\/www.lamaisongueth.eu\/wordpress\/wp-content\/uploads\/2022\/05\/LMGconcert28aout2022_5-768x576.jpeg 768w, https:\/\/www.lamaisongueth.eu\/wordpress\/wp-content\/uploads\/2022\/05\/LMGconcert28aout2022_5.jpeg 1280w\" sizes=\"auto, (max-width: 300px) 100vw, 300px\" \/><\/a>\n\t\t\t<\/div><\/figure>\n\t\t<\/div>\n<\/p>","protected":false},"excerpt":{"rendered":"<p>Im Rahmen des Warndt WeekEnd war das Maison G\u00fcth noch einmal offen am 4. und 5. Juni 2022. Am Samstag spendete das sonnige Wetter (wieder) Trost: ein sch\u00f6ner Nachmittag in einer ruhigen und belebenden Atmosph\u00e4re. Am Sonntag, dem 5. Juni, lud dagegen der Sturm zum Fest ein. Unerschrocken spielte die Gruppe QuetschKaschde ihre traditionellen Melodien<span class=\"more-link\">Continue reading<\/span><\/p>\n","protected":false},"author":1,"featured_media":0,"comment_status":"closed","ping_status":"closed","sticky":false,"template":"","format":"standard","meta":{"footnotes":""},"categories":[4],"tags":[],"class_list":["post-1244","post","type-post","status-publish","format-standard","hentry","category-evenement"],"_links":{"self":[{"href":"https:\/\/www.lamaisongueth.eu\/de\/wp-json\/wp\/v2\/posts\/1244","targetHints":{"allow":["GET"]}}],"collection":[{"href":"https:\/\/www.lamaisongueth.eu\/de\/wp-json\/wp\/v2\/posts"}],"about":[{"href":"https:\/\/www.lamaisongueth.eu\/de\/wp-json\/wp\/v2\/types\/post"}],"author":[{"embeddable":true,"href":"https:\/\/www.lamaisongueth.eu\/de\/wp-json\/wp\/v2\/users\/1"}],"replies":[{"embeddable":true,"href":"https:\/\/www.lamaisongueth.eu\/de\/wp-json\/wp\/v2\/comments?post=1244"}],"version-history":[{"count":6,"href":"https:\/\/www.lamaisongueth.eu\/de\/wp-json\/wp\/v2\/posts\/1244\/revisions"}],"predecessor-version":[{"id":1259,"href":"https:\/\/www.lamaisongueth.eu\/de\/wp-json\/wp\/v2\/posts\/1244\/revisions\/1259"}],"wp:attachment":[{"href":"https:\/\/www.lamaisongueth.eu\/de\/wp-json\/wp\/v2\/media?parent=1244"}],"wp:term":[{"taxonomy":"category","embeddable":true,"href":"https:\/\/www.lamaisongueth.eu\/de\/wp-json\/wp\/v2\/categories?post=1244"},{"taxonomy":"post_tag","embeddable":true,"href":"https:\/\/www.lamaisongueth.eu\/de\/wp-json\/wp\/v2\/tags?post=1244"}],"curies":[{"name":"wp","href":"https:\/\/api.w.org\/{rel}","templated":true}]}}