{"id":181,"date":"2015-09-29T18:40:26","date_gmt":"2015-09-29T17:40:26","guid":{"rendered":"http:\/\/www.lamaisongueth.eu\/?p=181"},"modified":"2016-12-07T13:09:05","modified_gmt":"2016-12-07T12:09:05","slug":"journees-du-patrimoine-sept-2015","status":"publish","type":"post","link":"https:\/\/www.lamaisongueth.eu\/de\/journees-du-patrimoine-sept-2015\/","title":{"rendered":"Europ\u00e4ischen Tage des Kulturerbes sept. 2015"},"content":{"rendered":"<p>Im Rahmen der \u201e<a href=\"http:\/\/journeesdupatrimoine.culturecommunication.gouv.fr\/\" target=\"_blank\">Europ\u00e4ischen Tage des Kulturerbes<\/a>\u201c wurde das La Maison G\u00fcth f\u00fcr die \u00d6ffentlichkeit am 19. und 20. September 2015\u00a0er\u00f6ffnet.<br \/>\nSamstag 19. September,\u00a0\u00fcber F\u00fchrungen in Franz\u00f6sisch oder Deutsch erhalten ca. 40 Personen.<br \/>\nSonntag, 20. F\u00fchrungen wurden wieder aufgenommen, f\u00fcr mehr als 250 Personnen. Insgesamt \u00a0sind diese Tage des Kulturerbes zu La Maison G\u00fcth mit gro\u00dfem Erfolg.<\/p>\n<p>Vielen Dank die<strong> Geschichtenerz\u00e4hler von der\u00a0Mediathek Freyming-Merlebach <\/strong>f\u00fcr die Animation in den Garten und das Arboretum.<br \/>\nVielen Dank die\u00a0folksong <strong>Gruppe SCHAUKELPFERD<\/strong> f\u00fcr die musikalische Unterhaltung\u00a0im Garten. Diese Gruppe hat uns den ganzen Nachmittag verzaubert.\u00a0Ihr Repertoire umfasst die traditionellen Lieder von\u00a0fr\u00e4nkische\u00a0Lothringen, auf franz\u00f6sisch und auf platt-deutsch. Die &#8222;Schaukelperd&#8220; nachh\u00f6ren war\u00a0ein einzigartigen und seltenen Moment. Eine Show, die in der absurden schaukelt,\u00a0wie der Schaukelpferd unserer Kindheit !<br \/>\nWir sagen euch bis bald, \u00e0 bient\u00f4t, in La Maison G\u00fcth in Hoste, f\u00fcr weitere Veranstaltungen.<\/p>\n<figure id=\"attachment_185\" aria-describedby=\"caption-attachment-185\" style=\"width: 960px\" class=\"wp-caption alignnone\"><a href=\"http:\/\/www.lamaisongueth.eu\/wordpress\/wp-content\/uploads\/2015\/09\/schaukelperd960.jpg\"><img loading=\"lazy\" decoding=\"async\" class=\"wp-image-185 size-full\" src=\"http:\/\/www.lamaisongueth.eu\/wordpress\/wp-content\/uploads\/2015\/09\/schaukelperd960.jpg\" alt=\"\" width=\"960\" height=\"540\" srcset=\"https:\/\/www.lamaisongueth.eu\/wordpress\/wp-content\/uploads\/2015\/09\/schaukelperd960.jpg 960w, https:\/\/www.lamaisongueth.eu\/wordpress\/wp-content\/uploads\/2015\/09\/schaukelperd960-300x169.jpg 300w\" sizes=\"auto, (max-width: 960px) 100vw, 960px\" \/><\/a><figcaption id=\"caption-attachment-185\" class=\"wp-caption-text\">Die Grouppe Schaukelperd in La maison G\u00fcth (Foto Schaukelperd)<\/figcaption><\/figure>\n<figure id=\"attachment_177\" aria-describedby=\"caption-attachment-177\" style=\"width: 930px\" class=\"wp-caption alignnone\"><img loading=\"lazy\" decoding=\"async\" class=\"wp-image-177\" src=\"http:\/\/www.lamaisongueth.eu\/wordpress\/wp-content\/uploads\/2015\/09\/conteursMediatheque930.jpg\" alt=\"les conteurs de la M\u00e9diath\u00e8que de Freyming-Merlebach\" width=\"930\" height=\"698\" srcset=\"https:\/\/www.lamaisongueth.eu\/wordpress\/wp-content\/uploads\/2015\/09\/conteursMediatheque930.jpg 930w, https:\/\/www.lamaisongueth.eu\/wordpress\/wp-content\/uploads\/2015\/09\/conteursMediatheque930-300x225.jpg 300w\" sizes=\"auto, (max-width: 930px) 100vw, 930px\" \/><figcaption id=\"caption-attachment-177\" class=\"wp-caption-text\">Die Geschichtenerz\u00e4hler der\u00a0Mediathek Freyming-Merlebach (Foto Sylvain S.)<\/figcaption><\/figure>\n<figure id=\"attachment_184\" aria-describedby=\"caption-attachment-184\" style=\"width: 960px\" class=\"wp-caption alignnone\"><a href=\"http:\/\/www.lamaisongueth.eu\/wordpress\/wp-content\/uploads\/2015\/09\/JEP2015GuidesPierre_MarieLaure960.jpg\"><img loading=\"lazy\" decoding=\"async\" class=\"size-full wp-image-184\" src=\"http:\/\/www.lamaisongueth.eu\/wordpress\/wp-content\/uploads\/2015\/09\/JEP2015GuidesPierre_MarieLaure960.jpg\" alt=\"Pierre und Marie-Laure machen F\u00fchrungen\" width=\"960\" height=\"720\" srcset=\"https:\/\/www.lamaisongueth.eu\/wordpress\/wp-content\/uploads\/2015\/09\/JEP2015GuidesPierre_MarieLaure960.jpg 960w, https:\/\/www.lamaisongueth.eu\/wordpress\/wp-content\/uploads\/2015\/09\/JEP2015GuidesPierre_MarieLaure960-300x225.jpg 300w\" sizes=\"auto, (max-width: 960px) 100vw, 960px\" \/><\/a><figcaption id=\"caption-attachment-184\" class=\"wp-caption-text\">Pierre und Marie-Laure machen F\u00fchrungen (Foto Francis B.)<\/figcaption><\/figure>\n<figure id=\"attachment_182\" aria-describedby=\"caption-attachment-182\" style=\"width: 960px\" class=\"wp-caption alignnone\"><a href=\"http:\/\/www.lamaisongueth.eu\/wordpress\/wp-content\/uploads\/2015\/09\/JEP2015GuideHubert960.jpg\"><img loading=\"lazy\" decoding=\"async\" class=\"size-full wp-image-182\" src=\"http:\/\/www.lamaisongueth.eu\/wordpress\/wp-content\/uploads\/2015\/09\/JEP2015GuideHubert960.jpg\" alt=\"Hubert, zweisprachiger Guide\" width=\"960\" height=\"720\" srcset=\"https:\/\/www.lamaisongueth.eu\/wordpress\/wp-content\/uploads\/2015\/09\/JEP2015GuideHubert960.jpg 960w, https:\/\/www.lamaisongueth.eu\/wordpress\/wp-content\/uploads\/2015\/09\/JEP2015GuideHubert960-300x225.jpg 300w\" sizes=\"auto, (max-width: 960px) 100vw, 960px\" \/><\/a><figcaption id=\"caption-attachment-182\" class=\"wp-caption-text\">Hubert, zweisprachiger Guide (Foto Francis B.)<\/figcaption><\/figure>\n<figure id=\"attachment_183\" aria-describedby=\"caption-attachment-183\" style=\"width: 960px\" class=\"wp-caption alignnone\"><a href=\"http:\/\/www.lamaisongueth.eu\/wordpress\/wp-content\/uploads\/2015\/09\/JEP2015GuideJacques960.jpg\"><img loading=\"lazy\" decoding=\"async\" class=\"size-full wp-image-183\" src=\"http:\/\/www.lamaisongueth.eu\/wordpress\/wp-content\/uploads\/2015\/09\/JEP2015GuideJacques960.jpg\" alt=\"Jacques, der Arboretum Guide\" width=\"960\" height=\"720\" srcset=\"https:\/\/www.lamaisongueth.eu\/wordpress\/wp-content\/uploads\/2015\/09\/JEP2015GuideJacques960.jpg 960w, https:\/\/www.lamaisongueth.eu\/wordpress\/wp-content\/uploads\/2015\/09\/JEP2015GuideJacques960-300x225.jpg 300w\" sizes=\"auto, (max-width: 960px) 100vw, 960px\" \/><\/a><figcaption id=\"caption-attachment-183\" class=\"wp-caption-text\">Jacques, der Arboretum Guide (Foto Francis B.)<\/figcaption><\/figure>\n<p>Wichtiger Hinweis : Jovi und Frank haben auch viele F\u00fchrungen geleistet, aber leider haben wir bis jetzt kein Foto&#8230;!<br \/>\nHier ein <a title=\"Photos des JEP 2015\" href=\"http:\/\/www.lamaisongueth.eu\/archives\/150\">Slideshow mit weitere Fotos&#8230;<\/a><\/p>","protected":false},"excerpt":{"rendered":"<p>Im Rahmen der \u201eEurop\u00e4ischen Tage des Kulturerbes\u201c wurde das La Maison G\u00fcth f\u00fcr die \u00d6ffentlichkeit am 19. und 20. September 2015\u00a0er\u00f6ffnet. Samstag 19. September,\u00a0\u00fcber F\u00fchrungen in Franz\u00f6sisch oder Deutsch erhalten ca. 40 Personen. Sonntag, 20. F\u00fchrungen wurden wieder aufgenommen, f\u00fcr mehr als 250 Personnen. Insgesamt \u00a0sind diese Tage des Kulturerbes zu La Maison G\u00fcth mit<span class=\"more-link\">Continue reading<\/span><\/p>\n","protected":false},"author":1,"featured_media":185,"comment_status":"open","ping_status":"closed","sticky":false,"template":"","format":"standard","meta":{"footnotes":""},"categories":[4,11],"tags":[],"class_list":["post-181","post","type-post","status-publish","format-standard","has-post-thumbnail","hentry","category-evenement","category-asso"],"_links":{"self":[{"href":"https:\/\/www.lamaisongueth.eu\/de\/wp-json\/wp\/v2\/posts\/181","targetHints":{"allow":["GET"]}}],"collection":[{"href":"https:\/\/www.lamaisongueth.eu\/de\/wp-json\/wp\/v2\/posts"}],"about":[{"href":"https:\/\/www.lamaisongueth.eu\/de\/wp-json\/wp\/v2\/types\/post"}],"author":[{"embeddable":true,"href":"https:\/\/www.lamaisongueth.eu\/de\/wp-json\/wp\/v2\/users\/1"}],"replies":[{"embeddable":true,"href":"https:\/\/www.lamaisongueth.eu\/de\/wp-json\/wp\/v2\/comments?post=181"}],"version-history":[{"count":8,"href":"https:\/\/www.lamaisongueth.eu\/de\/wp-json\/wp\/v2\/posts\/181\/revisions"}],"predecessor-version":[{"id":199,"href":"https:\/\/www.lamaisongueth.eu\/de\/wp-json\/wp\/v2\/posts\/181\/revisions\/199"}],"wp:featuredmedia":[{"embeddable":true,"href":"https:\/\/www.lamaisongueth.eu\/de\/wp-json\/wp\/v2\/media\/185"}],"wp:attachment":[{"href":"https:\/\/www.lamaisongueth.eu\/de\/wp-json\/wp\/v2\/media?parent=181"}],"wp:term":[{"taxonomy":"category","embeddable":true,"href":"https:\/\/www.lamaisongueth.eu\/de\/wp-json\/wp\/v2\/categories?post=181"},{"taxonomy":"post_tag","embeddable":true,"href":"https:\/\/www.lamaisongueth.eu\/de\/wp-json\/wp\/v2\/tags?post=181"}],"curies":[{"name":"wp","href":"https:\/\/api.w.org\/{rel}","templated":true}]}}