{"id":1132,"date":"2021-08-24T09:52:45","date_gmt":"2021-08-24T08:52:45","guid":{"rendered":"https:\/\/www.lamaisongueth.eu\/?p=1132"},"modified":"2022-05-24T08:27:58","modified_gmt":"2022-05-24T07:27:58","slug":"expo-photos-a-la-maison-guth","status":"publish","type":"post","link":"https:\/\/www.lamaisongueth.eu\/fr\/expo-photos-a-la-maison-guth\/","title":{"rendered":"Expo photos \u00e0 la Maison G\u00fcth"},"content":{"rendered":"<p>Intitul\u00e9e \u00ab\u00a0Cette biodiversit\u00e9, disparition inqui\u00e9tante\u00a0\u00bb, cette exposition de macro-photographies a trouv\u00e9 sa place dans le jardin de la Maison G\u00fcth. Elle est l&rsquo;oeuvre de Baptiste Lang, jeune photographe qui a su saisir la po\u00e9sie des petits \u00eatres vivant sur notre territoire.<br \/>\n<a href=\"https:\/\/www.lamaisongueth.eu\/wordpress\/wp-content\/uploads\/2021\/08\/EXPO_BIODIV_BL.jpg\"><img loading=\"lazy\" decoding=\"async\" class=\"alignnone wp-image-1133 size-large\" src=\"https:\/\/www.lamaisongueth.eu\/wordpress\/wp-content\/uploads\/2021\/08\/EXPO_BIODIV_BL-768x1024.jpg\" alt=\"\" width=\"768\" height=\"1024\" srcset=\"https:\/\/www.lamaisongueth.eu\/wordpress\/wp-content\/uploads\/2021\/08\/EXPO_BIODIV_BL-768x1024.jpg 768w, https:\/\/www.lamaisongueth.eu\/wordpress\/wp-content\/uploads\/2021\/08\/EXPO_BIODIV_BL-225x300.jpg 225w, https:\/\/www.lamaisongueth.eu\/wordpress\/wp-content\/uploads\/2021\/08\/EXPO_BIODIV_BL.jpg 960w\" sizes=\"auto, (max-width: 768px) 100vw, 768px\" \/><\/a><\/p>","protected":false},"excerpt":{"rendered":"<p>Intitul\u00e9e \u00ab\u00a0Cette biodiversit\u00e9, disparition inqui\u00e9tante\u00a0\u00bb, cette exposition de macro-photographies a trouv\u00e9 sa place dans le jardin de la Maison G\u00fcth. Elle est l&rsquo;oeuvre de Baptiste Lang, jeune photographe qui a su saisir la po\u00e9sie des petits \u00eatres vivant sur notre territoire.<\/p>\n","protected":false},"author":1,"featured_media":0,"comment_status":"closed","ping_status":"closed","sticky":false,"template":"","format":"standard","meta":{"footnotes":""},"categories":[4],"tags":[],"class_list":["post-1132","post","type-post","status-publish","format-standard","hentry","category-evenement"],"_links":{"self":[{"href":"https:\/\/www.lamaisongueth.eu\/fr\/wp-json\/wp\/v2\/posts\/1132","targetHints":{"allow":["GET"]}}],"collection":[{"href":"https:\/\/www.lamaisongueth.eu\/fr\/wp-json\/wp\/v2\/posts"}],"about":[{"href":"https:\/\/www.lamaisongueth.eu\/fr\/wp-json\/wp\/v2\/types\/post"}],"author":[{"embeddable":true,"href":"https:\/\/www.lamaisongueth.eu\/fr\/wp-json\/wp\/v2\/users\/1"}],"replies":[{"embeddable":true,"href":"https:\/\/www.lamaisongueth.eu\/fr\/wp-json\/wp\/v2\/comments?post=1132"}],"version-history":[{"count":3,"href":"https:\/\/www.lamaisongueth.eu\/fr\/wp-json\/wp\/v2\/posts\/1132\/revisions"}],"predecessor-version":[{"id":1243,"href":"https:\/\/www.lamaisongueth.eu\/fr\/wp-json\/wp\/v2\/posts\/1132\/revisions\/1243"}],"wp:attachment":[{"href":"https:\/\/www.lamaisongueth.eu\/fr\/wp-json\/wp\/v2\/media?parent=1132"}],"wp:term":[{"taxonomy":"category","embeddable":true,"href":"https:\/\/www.lamaisongueth.eu\/fr\/wp-json\/wp\/v2\/categories?post=1132"},{"taxonomy":"post_tag","embeddable":true,"href":"https:\/\/www.lamaisongueth.eu\/fr\/wp-json\/wp\/v2\/tags?post=1132"}],"curies":[{"name":"wp","href":"https:\/\/api.w.org\/{rel}","templated":true}]}}