{"id":1151,"date":"2021-10-01T17:11:02","date_gmt":"2021-10-01T16:11:02","guid":{"rendered":"https:\/\/www.lamaisongueth.eu\/?p=1151"},"modified":"2021-10-06T08:44:56","modified_gmt":"2021-10-06T07:44:56","slug":"lecole-peut-elle-tout","status":"publish","type":"post","link":"https:\/\/www.lamaisongueth.eu\/fr\/lecole-peut-elle-tout\/","title":{"rendered":"L\u2019\u00e9cole peut-elle tout ?"},"content":{"rendered":"<p><\/p>\n<h2>Une conf\u00e9rence de Patrick Rayou, sociologue et professeur \u00e9m\u00e9rite en Sciences de l\u2019\u00c9ducation \u00e0 l\u2019universit\u00e9 Paris-8<\/h2>\n<p>Cette conf\u00e9rence a \u00e9t\u00e9 suivie par environ 50 personnes, jeudi 30 septembre 2021.<\/p>\n<p>M\u00e9ritocratique ou strictement reproductrice des in\u00e9galit\u00e9s sociales ? Les opinions sur l\u2019\u00e9cole font s\u2019opposer ceux qui estiment qu\u2019elle peut tout et ceux qui consid\u00e8rent qu\u2019elle est impuissante face \u00e0 l\u2019origine sociale des \u00e9l\u00e8ves.<em>\u00ab L&rsquo;\u00e9cole inclusive abolit les clivages sociaux \u00bb, \u00ab Exposer aux m\u00eames savoirs garantit l\u2019\u00e9galit\u00e9 \u00bb. Ou : \u00ab L\u2019\u00e9cole n\u2019y est pour rien \u00bb, \u00ab L\u2019\u00e9cole fr\u00e9quent\u00e9e fait toute la diff\u00e9rence \u00bb, \u00ab Les h\u00e9ritages d\u00e9cident de tout \u00bb..? <\/em><\/p>\n<p>S\u2019appuyant sur les recherches les plus r\u00e9centes, le conf\u00e9rencier s&rsquo;est attach\u00e9 \u00e0 mettre en perspective ces affirmations pour distinguer le mythe de la r\u00e9alit\u00e9. Il a pr\u00e9sent\u00e9 quelques unes des \u00e9tudes scientifiques sur ces questions et sur la r\u00e9alit\u00e9 de l&rsquo;\u00e9cole actuelle. Les participants ont eu l&rsquo;occasion de se former un avis \u00e9clair\u00e9 sur les grands enjeux \u00e9ducatifs de notre \u00e9poque.<\/p>\n<figure id=\"attachment_1154\" aria-describedby=\"caption-attachment-1154\" style=\"width: 500px\" class=\"wp-caption aligncenter\"><a href=\"https:\/\/www.lamaisongueth.eu\/wordpress\/wp-content\/uploads\/2021\/09\/PatrickRayou.png\"><img loading=\"lazy\" decoding=\"async\" class=\"wp-image-1154 size-full\" src=\"https:\/\/www.lamaisongueth.eu\/wordpress\/wp-content\/uploads\/2021\/09\/PatrickRayou.png\" alt=\"\" width=\"500\" height=\"575\" srcset=\"https:\/\/www.lamaisongueth.eu\/wordpress\/wp-content\/uploads\/2021\/09\/PatrickRayou.png 500w, https:\/\/www.lamaisongueth.eu\/wordpress\/wp-content\/uploads\/2021\/09\/PatrickRayou-261x300.png 261w\" sizes=\"auto, (max-width: 500px) 100vw, 500px\" \/><\/a><figcaption id=\"caption-attachment-1154\" class=\"wp-caption-text\">Patrick Rayou<\/figcaption><\/figure>\n<p>&nbsp;<\/p>","protected":false},"excerpt":{"rendered":"<p>Une conf\u00e9rence de Patrick Rayou, sociologue et professeur \u00e9m\u00e9rite en Sciences de l\u2019\u00c9ducation \u00e0 l\u2019universit\u00e9 Paris-8 Cette conf\u00e9rence a \u00e9t\u00e9 suivie par environ 50 personnes, jeudi 30 septembre 2021. M\u00e9ritocratique ou strictement reproductrice des in\u00e9galit\u00e9s sociales ? Les opinions sur l\u2019\u00e9cole font s\u2019opposer ceux qui estiment qu\u2019elle peut tout et ceux qui consid\u00e8rent qu\u2019elle est<span class=\"more-link\">Continue reading<\/span><\/p>\n","protected":false},"author":1,"featured_media":0,"comment_status":"closed","ping_status":"closed","sticky":false,"template":"","format":"standard","meta":{"footnotes":""},"categories":[4],"tags":[],"class_list":["post-1151","post","type-post","status-publish","format-standard","hentry","category-evenement"],"_links":{"self":[{"href":"https:\/\/www.lamaisongueth.eu\/fr\/wp-json\/wp\/v2\/posts\/1151","targetHints":{"allow":["GET"]}}],"collection":[{"href":"https:\/\/www.lamaisongueth.eu\/fr\/wp-json\/wp\/v2\/posts"}],"about":[{"href":"https:\/\/www.lamaisongueth.eu\/fr\/wp-json\/wp\/v2\/types\/post"}],"author":[{"embeddable":true,"href":"https:\/\/www.lamaisongueth.eu\/fr\/wp-json\/wp\/v2\/users\/1"}],"replies":[{"embeddable":true,"href":"https:\/\/www.lamaisongueth.eu\/fr\/wp-json\/wp\/v2\/comments?post=1151"}],"version-history":[{"count":6,"href":"https:\/\/www.lamaisongueth.eu\/fr\/wp-json\/wp\/v2\/posts\/1151\/revisions"}],"predecessor-version":[{"id":1165,"href":"https:\/\/www.lamaisongueth.eu\/fr\/wp-json\/wp\/v2\/posts\/1151\/revisions\/1165"}],"wp:attachment":[{"href":"https:\/\/www.lamaisongueth.eu\/fr\/wp-json\/wp\/v2\/media?parent=1151"}],"wp:term":[{"taxonomy":"category","embeddable":true,"href":"https:\/\/www.lamaisongueth.eu\/fr\/wp-json\/wp\/v2\/categories?post=1151"},{"taxonomy":"post_tag","embeddable":true,"href":"https:\/\/www.lamaisongueth.eu\/fr\/wp-json\/wp\/v2\/tags?post=1151"}],"curies":[{"name":"wp","href":"https:\/\/api.w.org\/{rel}","templated":true}]}}