{"id":1233,"date":"2022-05-12T09:45:23","date_gmt":"2022-05-12T08:45:23","guid":{"rendered":"https:\/\/www.lamaisongueth.eu\/?p=1233"},"modified":"2022-05-24T08:51:14","modified_gmt":"2022-05-24T07:51:14","slug":"fete-de-la-nature","status":"publish","type":"post","link":"https:\/\/www.lamaisongueth.eu\/fr\/fete-de-la-nature\/","title":{"rendered":"F\u00eate de la Nature"},"content":{"rendered":"<p>Grand succ\u00e8s pour la f\u00eate de la Nature, \u00e9dition 2022 qui s&rsquo;est d\u00e9roul\u00e9e \u00e0 La Maison G\u00fcth. Cet \u00e9v\u00e9nement national et annuel, a \u00e9t\u00e9 pris en charge localement par l&rsquo;association Le Rouge-Gorge et la Ligue de Protection des Oiseaux.<\/p>\n<h5>VENDREDI 20 mai :\u00a0<em>Vivre la nature la nuit *<\/em><\/h5>\n<p><strong>20h00<\/strong> <u>Conf\u00e9rence \u00ab Pollution lumineuse et biodiversit\u00e9 \u00bb<\/u><br \/>\n<strong>21h30<\/strong> \u00c0 l&rsquo;\u00e9coute de la nature la nuit : observation et \u00e9coute de la faune nocturne (mammif\u00e8res, rapaces, insectes\u2026)<br \/>\n<strong>22h00<\/strong> : <u>Observation du ciel \u00e9toil\u00e9<\/u> par le club d\u2019astronomie POLARIS de Freyming-Merlebach<br \/>\n<strong>22h00<\/strong> : <u>D\u00e9couverte des insectes nocturnes<\/u> \/ Atelier men\u00e9 par les CPN de Spicheren<\/p>\n<h5>SAMEDI 21 mai : <em>Sensibilisation \u00e0 l&rsquo;environnement naturel local *<\/em><\/h5>\n<p><strong>08h-12h<\/strong> Sortie Nature :\u00a0D\u00e9couverte de la biodiversit\u00e9 locale par la LPO locale et les CPN de Spicheren<br \/>\n<strong>13h \u00e0 18h<\/strong> Expositions, stands et animations \u00e0 la maison G\u00dcTH<br \/>\nVisite guid\u00e9e de l&rsquo;arboretum, S\u00e9ances de relaxation dans l&rsquo;arboretum<br \/>\n&#8211; Ateliers nature, Histoires cont\u00e9es\u2026 pour les enfants<br \/>\n&#8211; Expositions et stands par des artisans et associations locales<br \/>\n<strong>18h00 \u00e0 20h00<\/strong> Conf\u00e9rence \u00ab la ligne Maginot aquatique, un socio \u00e9cosyst\u00e8me durable \u00bb<\/p>\n<p>\n\t\t<!-- MasterSlider -->\n\t\t<div id=\"P_MS69f25c3288713\" class=\"master-slider-parent ms-gallery-template ms-parent-id-17\" style=\"max-width:1000px;\" >\n\n\t\t\t\n\t\t\t<!-- MasterSlider Main -->\n\t\t\t<div id=\"MS69f25c3288713\" class=\"master-slider ms-skin-black-2 round-skin\" >\n\t\t\t\t \t\t\t\t \n\n\t\t\t<div  class=\"ms-slide\" data-delay=\"6\" data-fill-mode=\"fill\"   >\n\t\t\t\t\t<img decoding=\"async\" src=\"https:\/\/www.lamaisongueth.eu\/wordpress\/wp-content\/plugins\/masterslider\/public\/assets\/css\/blank.gif\" alt=\"\" title=\"LMG_flamande202101\" data-src=\"https:\/\/www.lamaisongueth.eu\/wordpress\/wp-content\/uploads\/2022\/12\/LMG_flamande202101.jpeg\" \/>\n\n\t\t\t\t\t<div class=\"ms-info\">chemin\u00e9e 2021, tressage neuf en partie basse<\/div>\n\n\n\t<img decoding=\"async\" class=\"ms-thumb\" src=\"https:\/\/www.lamaisongueth.eu\/wordpress\/wp-content\/uploads\/2022\/12\/LMG_flamande202101-175x140.jpeg\" alt=\"\" \/>\n\t\t\t\t<\/div>\n\t\t\t<div  class=\"ms-slide\" data-delay=\"6\" data-fill-mode=\"fill\"   >\n\t\t\t\t\t<img decoding=\"async\" src=\"https:\/\/www.lamaisongueth.eu\/wordpress\/wp-content\/plugins\/masterslider\/public\/assets\/css\/blank.gif\" alt=\"\" title=\"LMG_flamande202102\" data-src=\"https:\/\/www.lamaisongueth.eu\/wordpress\/wp-content\/uploads\/2022\/12\/LMG_flamande202102.jpeg\" \/>\n\n\t\t\t\t\t<div class=\"ms-info\">chemin\u00e9e 2021, seaux de terre pour torchis<\/div>\n\n\n\t<img decoding=\"async\" class=\"ms-thumb\" src=\"https:\/\/www.lamaisongueth.eu\/wordpress\/wp-content\/uploads\/2022\/12\/LMG_flamande202102-175x140.jpeg\" alt=\"\" \/>\n\t\t\t\t<\/div>\n\t\t\t<div  class=\"ms-slide\" data-delay=\"7\" data-fill-mode=\"fill\"   >\n\t\t\t\t\t<img decoding=\"async\" src=\"https:\/\/www.lamaisongueth.eu\/wordpress\/wp-content\/plugins\/masterslider\/public\/assets\/css\/blank.gif\" alt=\"\" title=\"LMG_parquet\" data-src=\"https:\/\/www.lamaisongueth.eu\/wordpress\/wp-content\/uploads\/2022\/12\/LMG_parquet-1000x500.jpeg\" \/>\n\n\t\t\t\t\t<div class=\"ms-info\">parquet 2021 : remplacement complet<\/div>\n\n\n\t<img decoding=\"async\" class=\"ms-thumb\" src=\"https:\/\/www.lamaisongueth.eu\/wordpress\/wp-content\/uploads\/2022\/12\/LMG_parquet-175x140.jpeg\" alt=\"\" \/>\n\t\t\t\t<\/div>\n\n\t\t\t<\/div>\n\t\t\t<!-- END MasterSlider Main -->\n\n\t\t\t \n\t\t<\/div>\n\t\t<!-- END MasterSlider -->\n\n\t\t<script>\n\t\t( window.MSReady = window.MSReady || [] ).push( function( $ ) {\n\n\t\t\t\"use strict\";\n\t\t\tvar masterslider_8713 = new MasterSlider();\n\n\t\t\t\/\/ slider controls\n\t\t\tmasterslider_8713.control('arrows'     ,{ autohide:true, overVideo:true  });\n\t\t\t\/\/ slider setup\n\t\t\tmasterslider_8713.setup(\"MS69f25c3288713\", {\n\t\t\t\twidth           : 1000,\n\t\t\t\theight          : 500,\n\t\t\t\tminHeight       : 0,\n\t\t\t\tspace           : 0,\n\t\t\t\tstart           : 1,\n\t\t\t\tgrabCursor      : true,\n\t\t\t\tswipe           : true,\n\t\t\t\tmouse           : true,\n\t\t\t\tkeyboard        : false,\n\t\t\t\tlayout          : \"boxed\",\n\t\t\t\twheel           : false,\n\t\t\t\tautoplay        : true,\n                instantStartLayers:false,\n\t\t\t\tmobileBGVideo:false,\n\t\t\t\tloop            : true,\n\t\t\t\tshuffle         : false,\n\t\t\t\tpreload         : 0,\n\t\t\t\theightLimit     : true,\n\t\t\t\tautoHeight      : false,\n\t\t\t\tsmoothHeight    : true,\n\t\t\t\tendPause        : false,\n\t\t\t\toverPause       : true,\n\t\t\t\tfillMode        : \"fill\",\n\t\t\t\tcenterControls  : true,\n\t\t\t\tstartOnAppear   : false,\n\t\t\t\tlayersMode      : \"center\",\n\t\t\t\tautofillTarget  : \"\",\n\t\t\t\thideLayers      : false,\n\t\t\t\tfullscreenMargin: 0,\n\t\t\t\tspeed           : 20,\n\t\t\t\tdir             : \"h\",\n\t\t\t\tresponsive      : true,\n\t\t\t\ttabletWidth     : 768,\n\t\t\t\ttabletHeight    : null,\n\t\t\t\tphoneWidth      : 480,\n\t\t\t\tphoneHeight    : null,\n\t\t\t\tsizingReference : window,\n\t\t\t\tparallaxMode    : 'swipe',\n\t\t\t\tview            : \"basic\"\n\t\t\t});\n\n\t\t\tnew MSGallery( 'P_MS69f25c3288713' , masterslider_8713).setup();\n\t\t\twindow.masterslider_instances = window.masterslider_instances || [];\n\t\t\twindow.masterslider_instances.push( masterslider_8713 );\n\t\t});\n\t\t<\/script>\n\n<\/p>","protected":false},"excerpt":{"rendered":"<p>La Maison G\u00fcth accueille \u00e0 Hoste la f\u00eate de la Nature, \u00e9dition 2022<\/p>\n","protected":false},"author":1,"featured_media":0,"comment_status":"closed","ping_status":"closed","sticky":false,"template":"","format":"standard","meta":{"footnotes":""},"categories":[4],"tags":[],"class_list":["post-1233","post","type-post","status-publish","format-standard","hentry","category-evenement"],"_links":{"self":[{"href":"https:\/\/www.lamaisongueth.eu\/fr\/wp-json\/wp\/v2\/posts\/1233","targetHints":{"allow":["GET"]}}],"collection":[{"href":"https:\/\/www.lamaisongueth.eu\/fr\/wp-json\/wp\/v2\/posts"}],"about":[{"href":"https:\/\/www.lamaisongueth.eu\/fr\/wp-json\/wp\/v2\/types\/post"}],"author":[{"embeddable":true,"href":"https:\/\/www.lamaisongueth.eu\/fr\/wp-json\/wp\/v2\/users\/1"}],"replies":[{"embeddable":true,"href":"https:\/\/www.lamaisongueth.eu\/fr\/wp-json\/wp\/v2\/comments?post=1233"}],"version-history":[{"count":6,"href":"https:\/\/www.lamaisongueth.eu\/fr\/wp-json\/wp\/v2\/posts\/1233\/revisions"}],"predecessor-version":[{"id":1240,"href":"https:\/\/www.lamaisongueth.eu\/fr\/wp-json\/wp\/v2\/posts\/1233\/revisions\/1240"}],"wp:attachment":[{"href":"https:\/\/www.lamaisongueth.eu\/fr\/wp-json\/wp\/v2\/media?parent=1233"}],"wp:term":[{"taxonomy":"category","embeddable":true,"href":"https:\/\/www.lamaisongueth.eu\/fr\/wp-json\/wp\/v2\/categories?post=1233"},{"taxonomy":"post_tag","embeddable":true,"href":"https:\/\/www.lamaisongueth.eu\/fr\/wp-json\/wp\/v2\/tags?post=1233"}],"curies":[{"name":"wp","href":"https:\/\/api.w.org\/{rel}","templated":true}]}}