{"id":1270,"date":"2022-08-09T21:49:42","date_gmt":"2022-08-09T20:49:42","guid":{"rendered":"https:\/\/www.lamaisongueth.eu\/?p=1270"},"modified":"2022-08-09T21:49:42","modified_gmt":"2022-08-09T20:49:42","slug":"fete-et-concert-au-jardin-28-aout","status":"publish","type":"post","link":"https:\/\/www.lamaisongueth.eu\/fr\/fete-et-concert-au-jardin-28-aout\/","title":{"rendered":"F\u00eate et concert au jardin 28 ao\u00fbt"},"content":{"rendered":"<p>La Maison G\u00fcth vous accueille le 28 ao\u00fbt 2022 pour un dimanche exceptionnel, en association avec &lsquo;Coop Amis Nature&rsquo; qui fe\u0302tera ses 40 ans d&rsquo;existence dans le jardin de la Maison G\u00fcth.<br \/>\nAu programme : expos ventes,\u00a0buvette et\u00a0petite restauration ;\u00a0jeux pour enfants<\/p>\n<p>et <strong>\u00e0 15H Concert au jardin du groupe les desCADENts<\/strong> : 7 musiciens qui vous enchanteront avec un programme musical vari\u00e9 : T\u00eates raides, Les cowboys fringants, Pink Floyd etc.<br \/>\nentre\u0301e libre avec &lsquo;chapeau&rsquo; pour les musiciens<\/p>\n<p><a href=\"https:\/\/www.lamaisongueth.eu\/wordpress\/wp-content\/uploads\/2022\/08\/visuelDescadentsLMG.jpg\"><img loading=\"lazy\" decoding=\"async\" class=\"alignnone size-large wp-image-1271\" src=\"https:\/\/www.lamaisongueth.eu\/wordpress\/wp-content\/uploads\/2022\/08\/visuelDescadentsLMG-813x1024.jpg\" alt=\"\" width=\"813\" height=\"1024\" srcset=\"https:\/\/www.lamaisongueth.eu\/wordpress\/wp-content\/uploads\/2022\/08\/visuelDescadentsLMG-813x1024.jpg 813w, https:\/\/www.lamaisongueth.eu\/wordpress\/wp-content\/uploads\/2022\/08\/visuelDescadentsLMG-238x300.jpg 238w, https:\/\/www.lamaisongueth.eu\/wordpress\/wp-content\/uploads\/2022\/08\/visuelDescadentsLMG-768x968.jpg 768w, https:\/\/www.lamaisongueth.eu\/wordpress\/wp-content\/uploads\/2022\/08\/visuelDescadentsLMG.jpg 889w\" sizes=\"auto, (max-width: 813px) 100vw, 813px\" \/><\/a><\/p>","protected":false},"excerpt":{"rendered":"<p>La Maison G\u00fcth vous accueille le 28 ao\u00fbt 2022 pour un dimanche exceptionnel, en association avec &lsquo;Coop Amis Nature&rsquo; qui fe\u0302tera ses 40 ans d&rsquo;existence dans le jardin de la Maison G\u00fcth. Au programme : expos ventes,\u00a0buvette et\u00a0petite restauration ;\u00a0jeux pour enfants et \u00e0 15H Concert au jardin du groupe les desCADENts : 7 musiciens<span class=\"more-link\">Continue reading<\/span><\/p>\n","protected":false},"author":1,"featured_media":0,"comment_status":"closed","ping_status":"closed","sticky":false,"template":"","format":"standard","meta":{"footnotes":""},"categories":[4],"tags":[],"class_list":["post-1270","post","type-post","status-publish","format-standard","hentry","category-evenement"],"_links":{"self":[{"href":"https:\/\/www.lamaisongueth.eu\/fr\/wp-json\/wp\/v2\/posts\/1270","targetHints":{"allow":["GET"]}}],"collection":[{"href":"https:\/\/www.lamaisongueth.eu\/fr\/wp-json\/wp\/v2\/posts"}],"about":[{"href":"https:\/\/www.lamaisongueth.eu\/fr\/wp-json\/wp\/v2\/types\/post"}],"author":[{"embeddable":true,"href":"https:\/\/www.lamaisongueth.eu\/fr\/wp-json\/wp\/v2\/users\/1"}],"replies":[{"embeddable":true,"href":"https:\/\/www.lamaisongueth.eu\/fr\/wp-json\/wp\/v2\/comments?post=1270"}],"version-history":[{"count":2,"href":"https:\/\/www.lamaisongueth.eu\/fr\/wp-json\/wp\/v2\/posts\/1270\/revisions"}],"predecessor-version":[{"id":1273,"href":"https:\/\/www.lamaisongueth.eu\/fr\/wp-json\/wp\/v2\/posts\/1270\/revisions\/1273"}],"wp:attachment":[{"href":"https:\/\/www.lamaisongueth.eu\/fr\/wp-json\/wp\/v2\/media?parent=1270"}],"wp:term":[{"taxonomy":"category","embeddable":true,"href":"https:\/\/www.lamaisongueth.eu\/fr\/wp-json\/wp\/v2\/categories?post=1270"},{"taxonomy":"post_tag","embeddable":true,"href":"https:\/\/www.lamaisongueth.eu\/fr\/wp-json\/wp\/v2\/tags?post=1270"}],"curies":[{"name":"wp","href":"https:\/\/api.w.org\/{rel}","templated":true}]}}