{"id":1276,"date":"2022-09-12T11:23:33","date_gmt":"2022-09-12T10:23:33","guid":{"rendered":"https:\/\/www.lamaisongueth.eu\/?p=1276"},"modified":"2022-09-17T09:02:44","modified_gmt":"2022-09-17T08:02:44","slug":"balade-philosophique-transparence-et-intimite","status":"publish","type":"post","link":"https:\/\/www.lamaisongueth.eu\/fr\/balade-philosophique-transparence-et-intimite\/","title":{"rendered":"Balade philosophique : Transparence et intimit\u00e9"},"content":{"rendered":"<p>La <strong>Balade philosophique 2022<\/strong> organis\u00e9e par le \u00ab Caf\u00e9 Philo \u00bb de La Maison G\u00fcth \u00e0 Hoste s&rsquo;est d\u00e9roul\u00e9e Samedi 10 septembre, sur le th\u00e8me\u00a0\u00ab <strong>Transparence et intimit\u00e9<\/strong> \u00bb.<br \/>\nLors des pauses, <strong>Pierre Ravenel<\/strong> (charg\u00e9 d\u2019enseignement \u00e0 l\u2019Universit\u00e9 de Lorraine) a lu -avec talent et sentiment- des extraits des <em>Confessions<\/em>, du <em>Contrat social<\/em>, et des\u00a0<em>R\u00eaveries du promeneur solitaire de Jean-Jacques Rousseau<\/em>. La Balade s&rsquo;est achev\u00e9e par un expos\u00e9 de <strong>Jean-Yves Tr\u00e9pos<\/strong> (professeur \u00e9m\u00e9rite \u00e0 l\u2019universit\u00e9 de Lorraine et animateur du Caf\u00e9 Philo), <em>\u00ab Transparence, intimit\u00e9 et extimit\u00e9 \u00e0 l\u2019heure des r\u00e9seaux sociaux num\u00e9riques \u00bb (<a href=\"https:\/\/www.lamaisongueth.eu\/wordpress\/wp-content\/uploads\/2022\/09\/Transparence_et_intimite.pdf\" target=\"_blank\" rel=\"noopener\">voir le sch\u00e9ma de la conf\u00e9rence<\/a>).<\/em><span style=\"font-size: 16px;\"><br \/>\nCe fut une belle et riche journ\u00e9e pour les 31 participant(e)s.<\/span><br \/>\nRousseau \u00e9tait \u00e9galement musicien. A preuve, quelques r\u00e9f\u00e9rences :<\/p>\n<ul>\n<li>Arrangement de l&rsquo;allegro du Printemps de Vivaldi pour fl\u00fbte seule<\/li>\n<li>le Devin du village (ouverture)<\/li>\n<li>L&rsquo;air des trois notes<\/li>\n<\/ul>\n<p><a style=\"font-size: 16px;\" href=\"https:\/\/www.lamaisongueth.eu\/wordpress\/wp-content\/uploads\/2022\/08\/LaMaisonGuthReveriePS.jpg\"><img loading=\"lazy\" decoding=\"async\" class=\"alignnone size-full wp-image-1278\" src=\"https:\/\/www.lamaisongueth.eu\/wordpress\/wp-content\/uploads\/2022\/08\/LaMaisonGuthReveriePS.jpg\" alt=\"\" width=\"1024\" height=\"683\" srcset=\"https:\/\/www.lamaisongueth.eu\/wordpress\/wp-content\/uploads\/2022\/08\/LaMaisonGuthReveriePS.jpg 1024w, https:\/\/www.lamaisongueth.eu\/wordpress\/wp-content\/uploads\/2022\/08\/LaMaisonGuthReveriePS-300x200.jpg 300w, https:\/\/www.lamaisongueth.eu\/wordpress\/wp-content\/uploads\/2022\/08\/LaMaisonGuthReveriePS-768x512.jpg 768w\" sizes=\"auto, (max-width: 1024px) 100vw, 1024px\" \/><\/a><\/p>","protected":false},"excerpt":{"rendered":"<p>La Balade philosophique 2022 organis\u00e9e par le \u00ab Caf\u00e9 Philo \u00bb de La Maison G\u00fcth \u00e0 Hoste s&rsquo;est d\u00e9roul\u00e9e Samedi 10 septembre, sur le th\u00e8me\u00a0\u00ab Transparence et intimit\u00e9 \u00bb. Lors des pauses, Pierre Ravenel (charg\u00e9 d\u2019enseignement \u00e0 l\u2019Universit\u00e9 de Lorraine) a lu -avec talent et sentiment- des extraits des Confessions, du Contrat social, et des\u00a0R\u00eaveries<span class=\"more-link\">Continue reading<\/span><\/p>\n","protected":false},"author":1,"featured_media":0,"comment_status":"closed","ping_status":"closed","sticky":false,"template":"","format":"standard","meta":{"footnotes":""},"categories":[4],"tags":[],"class_list":["post-1276","post","type-post","status-publish","format-standard","hentry","category-evenement"],"_links":{"self":[{"href":"https:\/\/www.lamaisongueth.eu\/fr\/wp-json\/wp\/v2\/posts\/1276","targetHints":{"allow":["GET"]}}],"collection":[{"href":"https:\/\/www.lamaisongueth.eu\/fr\/wp-json\/wp\/v2\/posts"}],"about":[{"href":"https:\/\/www.lamaisongueth.eu\/fr\/wp-json\/wp\/v2\/types\/post"}],"author":[{"embeddable":true,"href":"https:\/\/www.lamaisongueth.eu\/fr\/wp-json\/wp\/v2\/users\/1"}],"replies":[{"embeddable":true,"href":"https:\/\/www.lamaisongueth.eu\/fr\/wp-json\/wp\/v2\/comments?post=1276"}],"version-history":[{"count":11,"href":"https:\/\/www.lamaisongueth.eu\/fr\/wp-json\/wp\/v2\/posts\/1276\/revisions"}],"predecessor-version":[{"id":1294,"href":"https:\/\/www.lamaisongueth.eu\/fr\/wp-json\/wp\/v2\/posts\/1276\/revisions\/1294"}],"wp:attachment":[{"href":"https:\/\/www.lamaisongueth.eu\/fr\/wp-json\/wp\/v2\/media?parent=1276"}],"wp:term":[{"taxonomy":"category","embeddable":true,"href":"https:\/\/www.lamaisongueth.eu\/fr\/wp-json\/wp\/v2\/categories?post=1276"},{"taxonomy":"post_tag","embeddable":true,"href":"https:\/\/www.lamaisongueth.eu\/fr\/wp-json\/wp\/v2\/tags?post=1276"}],"curies":[{"name":"wp","href":"https:\/\/api.w.org\/{rel}","templated":true}]}}