{"id":1300,"date":"2022-11-03T10:31:35","date_gmt":"2022-11-03T09:31:35","guid":{"rendered":"https:\/\/www.lamaisongueth.eu\/?p=1300"},"modified":"2023-01-15T14:38:58","modified_gmt":"2023-01-15T13:38:58","slug":"conference-de-claude-jacob","status":"publish","type":"post","link":"https:\/\/www.lamaisongueth.eu\/fr\/conference-de-claude-jacob\/","title":{"rendered":"conf\u00e9rence de Claude JACOB"},"content":{"rendered":"<p><\/p>\n<h2>Cannabis : o\u00f9 en sommes-nous en 2022 ?<\/h2>\n<p>Diabolis\u00e9 par certains, sanctifi\u00e9 par d&rsquo;autres : Trafic \/commerce, addiction \/recr\u00e9ation, pros\u00e9lytisme \/ r\u00e9pression, drogue \/ rem\u00e8de, aversion \/ passion : qu&rsquo;en est-il du cannabis ou plut\u00f4t \u00ab\u00a0des cannabis\u00a0\u00bb ?<br \/>\n<span style=\"font-family: Raleway, Avenir, 'Helvetica Neue', Helvetica, Arial, 'Hiragino Sans', YuGothic, 'Yu Gothic', Meiryo, 'MS PGothic'; font-size: 16px; font-style: normal; font-variant-ligatures: normal; font-variant-caps: normal; font-weight: 400;\">Claude JACOB,<\/span> ancien Psychiatre des H\u00f4pitaux et addictologue a donn\u00e9 une conf\u00e9rence suivie par une trentaine de personnes au Foyer Socio-\u00e9ducatif de Hoste, jeudi 1er d\u00e9cembre 2022. Le conf\u00e9rencier s&rsquo;est attach\u00e9 \u00e0 comparer, en s&rsquo;appuyant sur le rapport Roques (1998), les effets -d\u00e9l\u00e9t\u00e8res ou non- de diff\u00e9rentes substances, incluant alcool, tabac, et m\u00e9dicaments. Il a ensuite pr\u00e9sent\u00e9 la situation du Colorado, \u00e9tat am\u00e9ricain ayant l\u00e9galis\u00e9 le commerce du canabis en 2012.<\/p>\n<figure id=\"attachment_1319\" aria-describedby=\"caption-attachment-1319\" style=\"width: 600px\" class=\"wp-caption alignnone\"><a href=\"https:\/\/www.lamaisongueth.eu\/wordpress\/wp-content\/uploads\/2022\/11\/ClaudeJacob-LMG.jpg\"><img loading=\"lazy\" decoding=\"async\" class=\"wp-image-1319\" src=\"https:\/\/www.lamaisongueth.eu\/wordpress\/wp-content\/uploads\/2022\/11\/ClaudeJacob-LMG-300x237.jpg\" alt=\"\" width=\"600\" height=\"474\" srcset=\"https:\/\/www.lamaisongueth.eu\/wordpress\/wp-content\/uploads\/2022\/11\/ClaudeJacob-LMG-300x237.jpg 300w, https:\/\/www.lamaisongueth.eu\/wordpress\/wp-content\/uploads\/2022\/11\/ClaudeJacob-LMG-768x607.jpg 768w, https:\/\/www.lamaisongueth.eu\/wordpress\/wp-content\/uploads\/2022\/11\/ClaudeJacob-LMG.jpg 901w\" sizes=\"auto, (max-width: 600px) 100vw, 600px\" \/><\/a><figcaption id=\"caption-attachment-1319\" class=\"wp-caption-text\">Claude JACOB est d\u00e9sormais retrait\u00e9. Il fut Chef de service en addictologie \u00e0 Metz et membre du conseil Scientifique de l&rsquo;OFDT \u00e0 Paris (Observatoire Fran\u00e7ais des Drogues et des Tendances addictives).<\/figcaption><\/figure>\n<p>&nbsp;<\/p>","protected":false},"excerpt":{"rendered":"<p>Cannabis : o\u00f9 en sommes-nous en 2022 ? Diabolis\u00e9 par certains, sanctifi\u00e9 par d&rsquo;autres : Trafic \/commerce, addiction \/recr\u00e9ation, pros\u00e9lytisme \/ r\u00e9pression, drogue \/ rem\u00e8de, aversion \/ passion : qu&rsquo;en est-il du cannabis ou plut\u00f4t \u00ab\u00a0des cannabis\u00a0\u00bb ? Claude JACOB, ancien Psychiatre des H\u00f4pitaux et addictologue a donn\u00e9 une conf\u00e9rence suivie par une trentaine de<span class=\"more-link\">Continue reading<\/span><\/p>\n","protected":false},"author":1,"featured_media":0,"comment_status":"closed","ping_status":"closed","sticky":false,"template":"","format":"standard","meta":{"footnotes":""},"categories":[4],"tags":[],"class_list":["post-1300","post","type-post","status-publish","format-standard","hentry","category-evenement"],"_links":{"self":[{"href":"https:\/\/www.lamaisongueth.eu\/fr\/wp-json\/wp\/v2\/posts\/1300","targetHints":{"allow":["GET"]}}],"collection":[{"href":"https:\/\/www.lamaisongueth.eu\/fr\/wp-json\/wp\/v2\/posts"}],"about":[{"href":"https:\/\/www.lamaisongueth.eu\/fr\/wp-json\/wp\/v2\/types\/post"}],"author":[{"embeddable":true,"href":"https:\/\/www.lamaisongueth.eu\/fr\/wp-json\/wp\/v2\/users\/1"}],"replies":[{"embeddable":true,"href":"https:\/\/www.lamaisongueth.eu\/fr\/wp-json\/wp\/v2\/comments?post=1300"}],"version-history":[{"count":12,"href":"https:\/\/www.lamaisongueth.eu\/fr\/wp-json\/wp\/v2\/posts\/1300\/revisions"}],"predecessor-version":[{"id":1354,"href":"https:\/\/www.lamaisongueth.eu\/fr\/wp-json\/wp\/v2\/posts\/1300\/revisions\/1354"}],"wp:attachment":[{"href":"https:\/\/www.lamaisongueth.eu\/fr\/wp-json\/wp\/v2\/media?parent=1300"}],"wp:term":[{"taxonomy":"category","embeddable":true,"href":"https:\/\/www.lamaisongueth.eu\/fr\/wp-json\/wp\/v2\/categories?post=1300"},{"taxonomy":"post_tag","embeddable":true,"href":"https:\/\/www.lamaisongueth.eu\/fr\/wp-json\/wp\/v2\/tags?post=1300"}],"curies":[{"name":"wp","href":"https:\/\/api.w.org\/{rel}","templated":true}]}}