{"id":1394,"date":"2023-06-14T09:01:37","date_gmt":"2023-06-14T08:01:37","guid":{"rendered":"https:\/\/www.lamaisongueth.eu\/?p=1394"},"modified":"2024-04-08T15:09:58","modified_gmt":"2024-04-08T14:09:58","slug":"programme-2023-des-animations","status":"publish","type":"post","link":"https:\/\/www.lamaisongueth.eu\/fr\/programme-2023-des-animations\/","title":{"rendered":"Programme des animations \u00e9t\u00e9 2023"},"content":{"rendered":"<p><strong>16 &amp; 17 SEPTEMBRE 2023<\/strong> \/\/ 14 H &#8211; 18 H\u00a0<strong>Ouverture de la maison aux visiteurs<\/strong> &#8211; dans le cadre des journ\u00e9es europ\u00e9ennes du patrimoine. Venez visiter cette authentique maison paysanne du 17e si\u00e8cle et d\u00e9couvrir comment nos anc\u00eatres vivaient \u00e0 la campagne. \u00a0Importante exposition de photos sur le th\u00e8me \u00ab<strong>\u00a0Paysages vivants de Hoste<\/strong>\u00a0\u00bb<br \/>\nA 15h (samedi et dimanche)\u00a0: visite comment\u00e9e\u00a0de l\u2019arboretum<\/p>\n<p style=\"font-weight: 400;\"><strong><em>Et bien s\u00fbr \u00e0 chaque fois, \u00e0 votre disposition, <\/em><\/strong><strong><em>Buvette &amp; tartelettes<\/em><\/strong><\/p>\n<p>C&rsquo;est d\u00e9j\u00e0 du pass\u00e9 :<br \/>\n<span style=\"color: #999999;\"><strong>9 SEPTEMBRE 2023 \/\/ 9 H 30 &#8211; 16 H \u00a0Balade philosophique\u00a0: une promenade dans la belle campagne de Hoste ponctu\u00e9e par des lectures de l\u2019\u0153uvre de H. Melville (Moby Dick). Lectures et commentaires\u00a0: Pierre Ravenel &amp; Jean-Yves Tr\u00e9pos9 JUILLET 2023<\/strong> \/\/ 15 H \u2013 17 H <strong>Concert au jardin \u2665 \u00a0<\/strong>Avec le groupe SCHAUKELPERD, sp\u00e9cialiste des chants et des musiques de Lorraine, principalement celles issues du Bassin houiller lorrain. Le travail de collecte r\u00e9alis\u00e9 aupr\u00e8s des mineurs, des paysans fait ressurgir des chants collectifs, de luttes, de po\u00e9sie, d\u2019amour et d\u2019humour. Le r\u00e9pertoire des SCHAUKELPERD est \u00e9galement \u00e9gay\u00e9 par de nombreuses Witz et anecdotes savoureuses du Plattpays!<\/span><\/p>\n<p><a href=\"https:\/\/www.lamaisongueth.eu\/wordpress\/wp-content\/uploads\/2023\/06\/afficheschaukelperdWeb.jpg\"><img loading=\"lazy\" decoding=\"async\" class=\" alignnone size-large wp-image-1421\" src=\"https:\/\/www.lamaisongueth.eu\/wordpress\/wp-content\/uploads\/2023\/06\/afficheschaukelperdWeb-724x1024.jpg\" alt=\"\" width=\"724\" height=\"1024\" srcset=\"https:\/\/www.lamaisongueth.eu\/wordpress\/wp-content\/uploads\/2023\/06\/afficheschaukelperdWeb-724x1024.jpg 724w, https:\/\/www.lamaisongueth.eu\/wordpress\/wp-content\/uploads\/2023\/06\/afficheschaukelperdWeb-212x300.jpg 212w, https:\/\/www.lamaisongueth.eu\/wordpress\/wp-content\/uploads\/2023\/06\/afficheschaukelperdWeb-768x1086.jpg 768w, https:\/\/www.lamaisongueth.eu\/wordpress\/wp-content\/uploads\/2023\/06\/afficheschaukelperdWeb.jpg 960w\" sizes=\"auto, (max-width: 724px) 100vw, 724px\" \/><\/a><br \/>\n<span style=\"color: #999999;\"><strong>25 MAI 2023<\/strong> \/\/ 18 H 30 \u00a0<strong>Conf\u00e9rence de Robert Maier<\/strong><\/span><br \/>\n<span style=\"color: #999999;\">\u00ab Les utopies ne sont plus vues comme menant vers une soci\u00e9t\u00e9 totalitaire, entre autres parce qu\u2019elles sont multiples, \u201cpetites\u201d, plus ou moins r\u00e9alistes et elles ne sont plus n\u00e9cessairement \u00e9labor\u00e9es en d\u00e9tail \u00bb (R. Maier) <a style=\"color: #999999;\" href=\"https:\/\/www.lamaisongueth.eu\/fr\/archives\/1380\" target=\"_blank\" rel=\"noopener\">lire la suite&#8230;<\/a><\/span><\/p>\n<p><span style=\"color: #999999;\"><strong>3 &amp; 4 JUIN 2023<\/strong> \/\/ 14 H \u2013 18 H \u00a0<strong>Rendez-vous aux jardins\u00a0!<\/strong><\/span><br \/>\n<span style=\"color: #999999;\">La maison G\u00fcth, son jardin et son arboretum exceptionnel\u00a0 accueilleront les visiteurs samedi et dimanche apr\u00e8s-midi.<\/span><br \/>\n<span style=\"color: #999999;\">Au programme\u00a0: visite guid\u00e9e \u00ab\u00a0D\u00e9couverte de la Maison G\u00fcth\u00a0\u00bb ;\u00a0<\/span><span style=\"color: #999999;\">exposition d\u2019aquarelles et d\u2019\u0153uvres calligraphi\u00e9es, en pr\u00e9sence des artistes.\u00a0<\/span><span style=\"color: #999999;\">A 15h (samedi et dimanche)\u00a0: visite comment\u00e9e de l\u2019arboretum<\/span><\/p>\n<p><span style=\"color: #999999;\"><strong>jusqu&rsquo;au \u00a019 AOUT 2023<\/strong>\u00a0 \u00a0<strong>Concours photo\u00a0<\/strong> ouvert \u00e0 tous les amateurs photographes : <a style=\"color: #999999;\" href=\"https:\/\/www.lamaisongueth.eu\/fr\/archives\/1408\" target=\"_blank\" rel=\"noopener\">voir ici<\/a>\u00a0!<\/span><\/p>\n<hr \/>\n<p><span style=\"color: #999999;\"><strong>20 AOUT 2023<\/strong> \/\/ 15 H \u2013 17 H <strong>Concert au jardin \u2665 \u00a0\u00a0<\/strong><strong>La fabrique de Jazz<\/strong>, ou <strong>Jazz Schmiede<\/strong>. Chant, saxo, guitares, percussions : les musiciens de Jazz Schmiede seront au nombre de six, pour un concert unique \u00e0 Hoste. Ils interpr\u00e9teront les plus beaux et c\u00e9l\u00e8bres standards du jazz am\u00e9ricain.<\/span><br \/>\n<span style=\"color: #999999;\">Ce groupe sarrois nous fait l&rsquo;honneur de donner un concert dans le cadre bucolique du jardin de la Maison G\u00fcth. Une belle apr\u00e8s-midi en perspective dans ce joli cadre. Buvette et tartelettes. Participation libre.<\/span><\/p>\n<p><a href=\"https:\/\/www.lamaisongueth.eu\/wordpress\/wp-content\/uploads\/2023\/06\/20230820afficheConcert.jpg\"><img loading=\"lazy\" decoding=\"async\" class=\"alignnone size-large wp-image-1426\" src=\"https:\/\/www.lamaisongueth.eu\/wordpress\/wp-content\/uploads\/2023\/06\/20230820afficheConcert-724x1024.jpg\" alt=\"\" width=\"724\" height=\"1024\" srcset=\"https:\/\/www.lamaisongueth.eu\/wordpress\/wp-content\/uploads\/2023\/06\/20230820afficheConcert-724x1024.jpg 724w, https:\/\/www.lamaisongueth.eu\/wordpress\/wp-content\/uploads\/2023\/06\/20230820afficheConcert-212x300.jpg 212w, https:\/\/www.lamaisongueth.eu\/wordpress\/wp-content\/uploads\/2023\/06\/20230820afficheConcert-768x1086.jpg 768w, https:\/\/www.lamaisongueth.eu\/wordpress\/wp-content\/uploads\/2023\/06\/20230820afficheConcert-1086x1536.jpg 1086w, https:\/\/www.lamaisongueth.eu\/wordpress\/wp-content\/uploads\/2023\/06\/20230820afficheConcert-1448x2048.jpg 1448w, https:\/\/www.lamaisongueth.eu\/wordpress\/wp-content\/uploads\/2023\/06\/20230820afficheConcert.jpg 1754w\" sizes=\"auto, (max-width: 724px) 100vw, 724px\" \/><\/a><\/p>\n<hr \/>\n<p><\/p>","protected":false},"excerpt":{"rendered":"<p>16 &amp; 17 SEPTEMBRE 2023 \/\/ 14 H &#8211; 18 H\u00a0Ouverture de la maison aux visiteurs &#8211; dans le cadre des journ\u00e9es europ\u00e9ennes du patrimoine. Venez visiter cette authentique maison paysanne du 17e si\u00e8cle et d\u00e9couvrir comment nos anc\u00eatres vivaient \u00e0 la campagne. \u00a0Importante exposition de photos sur le th\u00e8me \u00ab\u00a0Paysages vivants de Hoste\u00a0\u00bb A<span class=\"more-link\">Continue reading<\/span><\/p>\n","protected":false},"author":1,"featured_media":0,"comment_status":"closed","ping_status":"closed","sticky":false,"template":"","format":"standard","meta":{"footnotes":""},"categories":[4],"tags":[],"class_list":["post-1394","post","type-post","status-publish","format-standard","hentry","category-evenement"],"_links":{"self":[{"href":"https:\/\/www.lamaisongueth.eu\/fr\/wp-json\/wp\/v2\/posts\/1394","targetHints":{"allow":["GET"]}}],"collection":[{"href":"https:\/\/www.lamaisongueth.eu\/fr\/wp-json\/wp\/v2\/posts"}],"about":[{"href":"https:\/\/www.lamaisongueth.eu\/fr\/wp-json\/wp\/v2\/types\/post"}],"author":[{"embeddable":true,"href":"https:\/\/www.lamaisongueth.eu\/fr\/wp-json\/wp\/v2\/users\/1"}],"replies":[{"embeddable":true,"href":"https:\/\/www.lamaisongueth.eu\/fr\/wp-json\/wp\/v2\/comments?post=1394"}],"version-history":[{"count":15,"href":"https:\/\/www.lamaisongueth.eu\/fr\/wp-json\/wp\/v2\/posts\/1394\/revisions"}],"predecessor-version":[{"id":1398,"href":"https:\/\/www.lamaisongueth.eu\/fr\/wp-json\/wp\/v2\/posts\/1394\/revisions\/1398"}],"wp:attachment":[{"href":"https:\/\/www.lamaisongueth.eu\/fr\/wp-json\/wp\/v2\/media?parent=1394"}],"wp:term":[{"taxonomy":"category","embeddable":true,"href":"https:\/\/www.lamaisongueth.eu\/fr\/wp-json\/wp\/v2\/categories?post=1394"},{"taxonomy":"post_tag","embeddable":true,"href":"https:\/\/www.lamaisongueth.eu\/fr\/wp-json\/wp\/v2\/tags?post=1394"}],"curies":[{"name":"wp","href":"https:\/\/api.w.org\/{rel}","templated":true}]}}