{"id":1401,"date":"2023-05-31T13:39:21","date_gmt":"2023-05-31T12:39:21","guid":{"rendered":"https:\/\/www.lamaisongueth.eu\/?p=1401"},"modified":"2023-06-11T09:32:02","modified_gmt":"2023-06-11T08:32:02","slug":"rendez-vous-aux-jardins-3-4-juin","status":"publish","type":"post","link":"https:\/\/www.lamaisongueth.eu\/fr\/rendez-vous-aux-jardins-3-4-juin\/","title":{"rendered":"Rendez-vous aux jardins\u00a03 &#038; 4 JUIN"},"content":{"rendered":"<p><strong>3 &amp; 4 JUIN 2023<\/strong> \/\/ 14 H \u2013 18 H \u00a0<strong>Rendez-vous aux jardins\u00a0!<\/strong><br \/>\nLa maison G\u00fcth, son jardin et son arboretum exceptionnel \u00a0ont accueilli les visiteurs samedi et dimanche apr\u00e8s-midi.<br \/>\nAu programme\u00a0: visite guid\u00e9e \u00ab\u00a0D\u00e9couverte de la Maison G\u00fcth\u00a0\u00bb<br \/>\nExposition d\u2019aquarelles et d\u2019\u0153uvres calligraphi\u00e9es, en pr\u00e9sence des artistes. D\u00e9monstration de calligraphie sur place.<br \/>\nA 15h (samedi et dimanche)\u00a0: visite comment\u00e9e de l\u2019arboretum<\/p>\n<p>Peu de visiteurs samedi, bien plus nombreux dimanche -:)<\/p>\n<p><a href=\"https:\/\/www.lamaisongueth.eu\/wordpress\/wp-content\/uploads\/2023\/05\/RVarinG.png\"><img loading=\"lazy\" decoding=\"async\" class=\"alignnone size-large wp-image-1404\" src=\"https:\/\/www.lamaisongueth.eu\/wordpress\/wp-content\/uploads\/2023\/05\/RVarinG-1024x541.png\" alt=\"\" width=\"1024\" height=\"541\" srcset=\"https:\/\/www.lamaisongueth.eu\/wordpress\/wp-content\/uploads\/2023\/05\/RVarinG-1024x541.png 1024w, https:\/\/www.lamaisongueth.eu\/wordpress\/wp-content\/uploads\/2023\/05\/RVarinG-300x158.png 300w, https:\/\/www.lamaisongueth.eu\/wordpress\/wp-content\/uploads\/2023\/05\/RVarinG-768x405.png 768w, https:\/\/www.lamaisongueth.eu\/wordpress\/wp-content\/uploads\/2023\/05\/RVarinG.png 1148w\" sizes=\"auto, (max-width: 1024px) 100vw, 1024px\" \/><\/a><\/p>","protected":false},"excerpt":{"rendered":"<p>3 &amp; 4 JUIN 2023 \/\/ 14 H \u2013 18 H \u00a0Rendez-vous aux jardins\u00a0! La maison G\u00fcth, son jardin et son arboretum exceptionnel \u00a0ont accueilli les visiteurs samedi et dimanche apr\u00e8s-midi. Au programme\u00a0: visite guid\u00e9e \u00ab\u00a0D\u00e9couverte de la Maison G\u00fcth\u00a0\u00bb Exposition d\u2019aquarelles et d\u2019\u0153uvres calligraphi\u00e9es, en pr\u00e9sence des artistes. D\u00e9monstration de calligraphie sur place. A<span class=\"more-link\">Continue reading<\/span><\/p>\n","protected":false},"author":1,"featured_media":0,"comment_status":"closed","ping_status":"closed","sticky":false,"template":"","format":"standard","meta":{"footnotes":""},"categories":[4],"tags":[],"class_list":["post-1401","post","type-post","status-publish","format-standard","hentry","category-evenement"],"_links":{"self":[{"href":"https:\/\/www.lamaisongueth.eu\/fr\/wp-json\/wp\/v2\/posts\/1401","targetHints":{"allow":["GET"]}}],"collection":[{"href":"https:\/\/www.lamaisongueth.eu\/fr\/wp-json\/wp\/v2\/posts"}],"about":[{"href":"https:\/\/www.lamaisongueth.eu\/fr\/wp-json\/wp\/v2\/types\/post"}],"author":[{"embeddable":true,"href":"https:\/\/www.lamaisongueth.eu\/fr\/wp-json\/wp\/v2\/users\/1"}],"replies":[{"embeddable":true,"href":"https:\/\/www.lamaisongueth.eu\/fr\/wp-json\/wp\/v2\/comments?post=1401"}],"version-history":[{"count":4,"href":"https:\/\/www.lamaisongueth.eu\/fr\/wp-json\/wp\/v2\/posts\/1401\/revisions"}],"predecessor-version":[{"id":1418,"href":"https:\/\/www.lamaisongueth.eu\/fr\/wp-json\/wp\/v2\/posts\/1401\/revisions\/1418"}],"wp:attachment":[{"href":"https:\/\/www.lamaisongueth.eu\/fr\/wp-json\/wp\/v2\/media?parent=1401"}],"wp:term":[{"taxonomy":"category","embeddable":true,"href":"https:\/\/www.lamaisongueth.eu\/fr\/wp-json\/wp\/v2\/categories?post=1401"},{"taxonomy":"post_tag","embeddable":true,"href":"https:\/\/www.lamaisongueth.eu\/fr\/wp-json\/wp\/v2\/tags?post=1401"}],"curies":[{"name":"wp","href":"https:\/\/api.w.org\/{rel}","templated":true}]}}