{"id":1700,"date":"2025-08-24T11:32:24","date_gmt":"2025-08-24T10:32:24","guid":{"rendered":"https:\/\/www.lamaisongueth.eu\/?p=1700"},"modified":"2025-08-29T09:59:50","modified_gmt":"2025-08-29T08:59:50","slug":"balade-philo-2025","status":"publish","type":"post","link":"https:\/\/www.lamaisongueth.eu\/fr\/balade-philo-2025\/","title":{"rendered":"Balade philo 2025"},"content":{"rendered":"<p>La<strong> Balade philosophique &#8211; 2025<\/strong>, organis\u00e9e par le Caf\u00e9 Philo de La Maison G\u00fcth \u00e0 Hoste, se d\u00e9roulera <strong>dimanche 14 septembre 2025<\/strong> de 9h30 \u00e0 16h. Elle s&rsquo;intitulera <strong>\u00ab Connais-tu Faust ? \u00bb<\/strong> (Goethe, <em>Faust<\/em>, Prologue). Il s&rsquo;agira d&rsquo;une marche dans la belle et paisible campagne de Hoste, ponctu\u00e9e de lectures. <strong>Jean-Yves Tr\u00e9pos<\/strong> (professeur \u00e9m\u00e9rite \u00e0 l&rsquo;Universit\u00e9 de Lorraine et animateur du Caf\u00e9 Philo) pr\u00e9sentera le programme et les intervenants.<br \/>\n&#8211; A Hoste, des chemins forestiers aux bords des \u00e9tangs, <strong>Pierre Ravenel<\/strong> (charg\u00e9 d&rsquo;enseignement \u00e0 l&rsquo;Universit\u00e9 de Lorraine) guidera nos pas au sein de l\u2019\u0153uvre de Goethe et de sa post\u00e9rit\u00e9. Au centre des lectures d\u2019extraits de textes de Goethe : tentation, pacte, o\u00f9 le tragique le dispute au comique, mais aussi aper\u00e7us de l\u2019immense r\u00e9percussion des \u00e9crits du grand \u00e9crivain allemand.<br \/>\n&#8211; Enfin, Christopher Pollmann (professeur agr\u00e9g\u00e9 de l&rsquo;Universit\u00e9 de Lorraine pr\u00e9sentera ses travaux \u00a0sur Goethe et l&rsquo;islam.<\/p>\n<p>Contact : Sylvain Starck (06 85 03 41 23). <strong>Inscription<\/strong> (obligatoire) :<strong> <a href=\"http:\/\/lamaisongueth.eu\/cafe-philo-de-la-maison-guth-inscription-balade-philo\" target=\"_blank\" rel=\"noopener\">suivre ce lien<\/a><\/strong><\/p>\n<p><figure id=\"attachment_1725\" aria-describedby=\"caption-attachment-1725\" style=\"width: 955px\" class=\"wp-caption alignnone\"><a href=\"https:\/\/www.lamaisongueth.eu\/wordpress\/wp-content\/uploads\/2025\/08\/PRavenel.jpg\"><img loading=\"lazy\" decoding=\"async\" class=\"wp-image-1725 size-full\" src=\"https:\/\/www.lamaisongueth.eu\/wordpress\/wp-content\/uploads\/2025\/08\/PRavenel.jpg\" alt=\"Pierre Ravenel\" width=\"955\" height=\"651\" srcset=\"https:\/\/www.lamaisongueth.eu\/wordpress\/wp-content\/uploads\/2025\/08\/PRavenel.jpg 955w, https:\/\/www.lamaisongueth.eu\/wordpress\/wp-content\/uploads\/2025\/08\/PRavenel-300x205.jpg 300w, https:\/\/www.lamaisongueth.eu\/wordpress\/wp-content\/uploads\/2025\/08\/PRavenel-768x524.jpg 768w\" sizes=\"auto, (max-width: 955px) 100vw, 955px\" \/><\/a><figcaption id=\"caption-attachment-1725\" class=\"wp-caption-text\"><strong>Pierre Ravenel<\/strong><\/figcaption><\/figure><\/p>","protected":false},"excerpt":{"rendered":"<p>La Balade philosophique &#8211; 2025, organis\u00e9e par le Caf\u00e9 Philo de La Maison G\u00fcth \u00e0 Hoste, se d\u00e9roulera dimanche 14 septembre 2025 de 9h30 \u00e0 16h. Elle s&rsquo;intitulera \u00ab Connais-tu Faust ? \u00bb (Goethe, Faust, Prologue). Il s&rsquo;agira d&rsquo;une marche dans la belle et paisible campagne de Hoste, ponctu\u00e9e de lectures. Jean-Yves Tr\u00e9pos (professeur \u00e9m\u00e9rite<span class=\"more-link\">Continue reading<\/span><\/p>\n","protected":false},"author":1,"featured_media":0,"comment_status":"closed","ping_status":"closed","sticky":false,"template":"","format":"standard","meta":{"footnotes":""},"categories":[4],"tags":[],"class_list":["post-1700","post","type-post","status-publish","format-standard","hentry","category-evenement"],"_links":{"self":[{"href":"https:\/\/www.lamaisongueth.eu\/fr\/wp-json\/wp\/v2\/posts\/1700","targetHints":{"allow":["GET"]}}],"collection":[{"href":"https:\/\/www.lamaisongueth.eu\/fr\/wp-json\/wp\/v2\/posts"}],"about":[{"href":"https:\/\/www.lamaisongueth.eu\/fr\/wp-json\/wp\/v2\/types\/post"}],"author":[{"embeddable":true,"href":"https:\/\/www.lamaisongueth.eu\/fr\/wp-json\/wp\/v2\/users\/1"}],"replies":[{"embeddable":true,"href":"https:\/\/www.lamaisongueth.eu\/fr\/wp-json\/wp\/v2\/comments?post=1700"}],"version-history":[{"count":10,"href":"https:\/\/www.lamaisongueth.eu\/fr\/wp-json\/wp\/v2\/posts\/1700\/revisions"}],"predecessor-version":[{"id":1726,"href":"https:\/\/www.lamaisongueth.eu\/fr\/wp-json\/wp\/v2\/posts\/1700\/revisions\/1726"}],"wp:attachment":[{"href":"https:\/\/www.lamaisongueth.eu\/fr\/wp-json\/wp\/v2\/media?parent=1700"}],"wp:term":[{"taxonomy":"category","embeddable":true,"href":"https:\/\/www.lamaisongueth.eu\/fr\/wp-json\/wp\/v2\/categories?post=1700"},{"taxonomy":"post_tag","embeddable":true,"href":"https:\/\/www.lamaisongueth.eu\/fr\/wp-json\/wp\/v2\/tags?post=1700"}],"curies":[{"name":"wp","href":"https:\/\/api.w.org\/{rel}","templated":true}]}}