{"id":1717,"date":"2025-08-25T18:57:51","date_gmt":"2025-08-25T17:57:51","guid":{"rendered":"https:\/\/www.lamaisongueth.eu\/?p=1717"},"modified":"2025-08-28T15:13:23","modified_gmt":"2025-08-28T14:13:23","slug":"chansons-et-poesie-dans-la-grange","status":"publish","type":"post","link":"https:\/\/www.lamaisongueth.eu\/fr\/chansons-et-poesie-dans-la-grange\/","title":{"rendered":"Chansons et po\u00e9sie dans la grange"},"content":{"rendered":"<p>\u00a0\u00bb<strong>Mais Dieu Que Les Roses Sont Belles<\/strong>\u00ab\u00a0. Tel est le titre du spectacle. Il raconte l&rsquo;histoire du fameux concert de Barbara \u00e0 G\u00f6ttingen, l&rsquo;exp\u00e9rience qui a inspir\u00e9 sa chanson \u00e9ponyme.<br \/>\nC&rsquo;est un monologue po\u00e9tique, tel qu&rsquo;il aurait pu \u00eatre dit par l&rsquo;un des &lsquo;enfants blonds de G\u00f6ttingen&rsquo; qui aurait assist\u00e9 au concert, et traite de la r\u00e9conciliation et de la suppression des barri\u00e8res culturelles sur le continent. \u00a0Maryse et H\u00e9l\u00e8ne interpr\u00e8tent des chansons de leur r\u00e9pertoire &#8211; de Barbara bien s\u00fbr, mais \u00e9galement des autres chanteurs et chanteuses de l&rsquo;\u00e9poque traitant des m\u00eames th\u00e8mes. \u00a0Le spectacle a \u00e9t\u00e9 donn\u00e9 \u00e0 plusieurs reprise en France, mais aussi dans ce m\u00eame jardin \u00e0 G\u00f6ttingen o\u00f9 Barbara a \u00e9crit la chanson.<br \/>\n<u>Lieu : grange de la Maison G\u00fcth. Entr\u00e9e libre ; \u00a0chapeau pour les artistes.<\/u><br \/>\nR\u00e9servation conseill\u00e9e : ci dessous, ou t\u00e9l\u00e9phone : 06 85 03 41 23<\/p>\n\n<div class=\"wpcf7 no-js\" id=\"wpcf7-f1712-o1\" lang=\"fr-FR\" dir=\"ltr\" data-wpcf7-id=\"1712\">\n<div class=\"screen-reader-response\"><p role=\"status\" aria-live=\"polite\" aria-atomic=\"true\"><\/p> <ul><\/ul><\/div>\n<form action=\"\/fr\/wp-json\/wp\/v2\/posts\/1717#wpcf7-f1712-o1\" method=\"post\" class=\"wpcf7-form init wpcf7-acceptance-as-validation\" aria-label=\"Formulaire de contact\" novalidate=\"novalidate\" data-status=\"init\">\n<fieldset class=\"hidden-fields-container\"><input type=\"hidden\" name=\"_wpcf7\" value=\"1712\" \/><input type=\"hidden\" name=\"_wpcf7_version\" value=\"6.1.5\" \/><input type=\"hidden\" name=\"_wpcf7_locale\" value=\"fr_FR\" \/><input type=\"hidden\" name=\"_wpcf7_unit_tag\" value=\"wpcf7-f1712-o1\" \/><input type=\"hidden\" name=\"_wpcf7_container_post\" value=\"0\" \/><input type=\"hidden\" name=\"_wpcf7_posted_data_hash\" value=\"\" \/><input type=\"hidden\" name=\"_wpcf7cf_hidden_group_fields\" value=\"[]\" \/><input type=\"hidden\" name=\"_wpcf7cf_hidden_groups\" value=\"[]\" \/><input type=\"hidden\" name=\"_wpcf7cf_visible_groups\" value=\"[]\" \/><input type=\"hidden\" name=\"_wpcf7cf_repeaters\" value=\"[]\" \/><input type=\"hidden\" name=\"_wpcf7cf_steps\" value=\"{}\" \/><input type=\"hidden\" name=\"_wpcf7cf_options\" value=\"{&quot;form_id&quot;:1712,&quot;conditions&quot;:[{&quot;then_field&quot;:&quot;-1&quot;,&quot;and_rules&quot;:[{&quot;if_field&quot;:&quot;radio-jesouhaite-participer&quot;,&quot;operator&quot;:&quot;equals&quot;,&quot;if_value&quot;:&quot;je souhaite participer&quot;}]}],&quot;settings&quot;:{&quot;animation&quot;:&quot;yes&quot;,&quot;animation_intime&quot;:&quot;200&quot;,&quot;animation_outtime&quot;:&quot;200&quot;,&quot;conditions_ui&quot;:&quot;normal&quot;,&quot;notice_dismissed&quot;:&quot;&quot;}}\" \/><input type=\"hidden\" name=\"_wpcf7_recaptcha_response\" value=\"\" \/>\n<\/fieldset>\n<h5><span style=\"color: #0000ff;\">Demande de r\u00e9servation spectacle<\/span><br \/>\n\"Chansons et po\u00e9sie dans la Grange\", le 12 SEPTEMBRE 2025, \u00e0 20H, &agrave la Maison G&uuml;th &agrave Hoste\n<\/h5>\n<p><label> Votre pr\u00e9nom (obligatoire)<br \/>\n<span class=\"wpcf7-form-control-wrap\" data-name=\"your-firstname\"><input size=\"40\" maxlength=\"400\" minlength=\"2\" class=\"wpcf7-form-control wpcf7-text wpcf7-validates-as-required\" aria-required=\"true\" aria-invalid=\"false\" value=\"\" type=\"text\" name=\"your-firstname\" \/><\/span> <\/label><br \/>\n<label> Votre nom (obligatoire)<br \/>\n<span class=\"wpcf7-form-control-wrap\" data-name=\"your-name\"><input size=\"40\" maxlength=\"400\" minlength=\"2\" class=\"wpcf7-form-control wpcf7-text wpcf7-validates-as-required\" aria-required=\"true\" aria-invalid=\"false\" value=\"\" type=\"text\" name=\"your-name\" \/><\/span> <\/label><br \/>\n<label> Votre adresse de messagerie (obligatoire : attention de bien v\u00e9rifier votre adresse !)<br \/>\n<span class=\"wpcf7-form-control-wrap\" data-name=\"your-email\"><input size=\"40\" maxlength=\"400\" class=\"wpcf7-form-control wpcf7-email wpcf7-validates-as-required wpcf7-text wpcf7-validates-as-email\" aria-required=\"true\" aria-invalid=\"false\" value=\"\" type=\"email\" name=\"your-email\" \/><\/span> <\/label><br \/>\n<span class=\"wpcf7-form-control-wrap\" data-name=\"radio-jesouhaite-participer\"><span class=\"wpcf7-form-control wpcf7-radio\"><span class=\"wpcf7-list-item first\"><input type=\"radio\" name=\"radio-jesouhaite-participer\" value=\"je souhaite r\u00e9server\" checked=\"checked\" \/><span class=\"wpcf7-list-item-label\">je souhaite r\u00e9server<\/span><\/span><span class=\"wpcf7-list-item\"><input type=\"radio\" name=\"radio-jesouhaite-participer\" value=\"non merci, pas cette fois-ci\" \/><span class=\"wpcf7-list-item-label\">non merci, pas cette fois-ci<\/span><\/span><span class=\"wpcf7-list-item last\"><input type=\"radio\" name=\"radio-jesouhaite-participer\" value=\"ne m&#039;envoyez plus d&#039;invitations\" \/><span class=\"wpcf7-list-item-label\">ne m&#039;envoyez plus d&#039;invitations<\/span><\/span><\/span><\/span>\n<\/p>\n<p>NB : Si vous faites une demande de r\u00e9servation, et sous r\u00e9serve de place disponible, nous vous enverrons un courriel de confirmation quelques jours avant le spectacle.\n<\/p>\n<p><label> Votre message (\u00e9ventuel)<br \/>\n<span class=\"wpcf7-form-control-wrap\" data-name=\"your-message\"><textarea cols=\"40\" rows=\"10\" maxlength=\"2000\" class=\"wpcf7-form-control wpcf7-textarea\" aria-invalid=\"false\" placeholder=\"... votre message ...\" name=\"your-message\"><\/textarea><\/span> <\/label>\n<\/p>\n<p>\n\n<\/p>\n<p><input class=\"wpcf7-form-control wpcf7-submit has-spinner\" type=\"submit\" value=\"Envoyer la demande d&#039;inscription\" \/>\n<\/p><p style=\"display: none !important;\" class=\"akismet-fields-container\" data-prefix=\"_wpcf7_ak_\"><label>&#916;<textarea name=\"_wpcf7_ak_hp_textarea\" cols=\"45\" rows=\"8\" maxlength=\"100\"><\/textarea><\/label><input type=\"hidden\" id=\"ak_js_1\" name=\"_wpcf7_ak_js\" value=\"219\"\/><script type=\"text\/javascript\">\n\/* <![CDATA[ *\/\ndocument.getElementById( \"ak_js_1\" ).setAttribute( \"value\", ( new Date() ).getTime() );\n\/* ]]> *\/\n<\/script>\n<\/p><div class=\"wpcf7-response-output\" aria-hidden=\"true\"><\/div>\n<\/form>\n<\/div>\n\n<p><a href=\"https:\/\/www.lamaisongueth.eu\/wordpress\/wp-content\/uploads\/2025\/08\/hoste-affiche-HELMAW.png\"><img loading=\"lazy\" decoding=\"async\" class=\"alignnone size-large wp-image-1722\" src=\"https:\/\/www.lamaisongueth.eu\/wordpress\/wp-content\/uploads\/2025\/08\/hoste-affiche-HELMAW-738x1024.png\" alt=\"\" width=\"738\" height=\"1024\" srcset=\"https:\/\/www.lamaisongueth.eu\/wordpress\/wp-content\/uploads\/2025\/08\/hoste-affiche-HELMAW-738x1024.png 738w, https:\/\/www.lamaisongueth.eu\/wordpress\/wp-content\/uploads\/2025\/08\/hoste-affiche-HELMAW-216x300.png 216w, https:\/\/www.lamaisongueth.eu\/wordpress\/wp-content\/uploads\/2025\/08\/hoste-affiche-HELMAW-768x1066.png 768w, https:\/\/www.lamaisongueth.eu\/wordpress\/wp-content\/uploads\/2025\/08\/hoste-affiche-HELMAW.png 1042w\" sizes=\"auto, (max-width: 738px) 100vw, 738px\" \/><\/a><\/p>","protected":false},"excerpt":{"rendered":"<p>\u00a0\u00bbMais Dieu Que Les Roses Sont Belles\u00ab\u00a0. Tel est le titre du spectacle. Il raconte l&rsquo;histoire du fameux concert de Barbara \u00e0 G\u00f6ttingen, l&rsquo;exp\u00e9rience qui a inspir\u00e9 sa chanson \u00e9ponyme. C&rsquo;est un monologue po\u00e9tique, tel qu&rsquo;il aurait pu \u00eatre dit par l&rsquo;un des &lsquo;enfants blonds de G\u00f6ttingen&rsquo; qui aurait assist\u00e9 au concert, et traite de<span class=\"more-link\">Continue reading<\/span><\/p>\n","protected":false},"author":1,"featured_media":0,"comment_status":"closed","ping_status":"closed","sticky":false,"template":"","format":"standard","meta":{"footnotes":""},"categories":[4],"tags":[],"class_list":["post-1717","post","type-post","status-publish","format-standard","hentry","category-evenement"],"_links":{"self":[{"href":"https:\/\/www.lamaisongueth.eu\/fr\/wp-json\/wp\/v2\/posts\/1717","targetHints":{"allow":["GET"]}}],"collection":[{"href":"https:\/\/www.lamaisongueth.eu\/fr\/wp-json\/wp\/v2\/posts"}],"about":[{"href":"https:\/\/www.lamaisongueth.eu\/fr\/wp-json\/wp\/v2\/types\/post"}],"author":[{"embeddable":true,"href":"https:\/\/www.lamaisongueth.eu\/fr\/wp-json\/wp\/v2\/users\/1"}],"replies":[{"embeddable":true,"href":"https:\/\/www.lamaisongueth.eu\/fr\/wp-json\/wp\/v2\/comments?post=1717"}],"version-history":[{"count":3,"href":"https:\/\/www.lamaisongueth.eu\/fr\/wp-json\/wp\/v2\/posts\/1717\/revisions"}],"predecessor-version":[{"id":1723,"href":"https:\/\/www.lamaisongueth.eu\/fr\/wp-json\/wp\/v2\/posts\/1717\/revisions\/1723"}],"wp:attachment":[{"href":"https:\/\/www.lamaisongueth.eu\/fr\/wp-json\/wp\/v2\/media?parent=1717"}],"wp:term":[{"taxonomy":"category","embeddable":true,"href":"https:\/\/www.lamaisongueth.eu\/fr\/wp-json\/wp\/v2\/categories?post=1717"},{"taxonomy":"post_tag","embeddable":true,"href":"https:\/\/www.lamaisongueth.eu\/fr\/wp-json\/wp\/v2\/tags?post=1717"}],"curies":[{"name":"wp","href":"https:\/\/api.w.org\/{rel}","templated":true}]}}