{"id":181,"date":"2015-09-29T18:40:26","date_gmt":"2015-09-29T17:40:26","guid":{"rendered":"http:\/\/www.lamaisongueth.eu\/?p=181"},"modified":"2016-12-07T13:09:05","modified_gmt":"2016-12-07T12:09:05","slug":"journees-du-patrimoine-sept-2015","status":"publish","type":"post","link":"https:\/\/www.lamaisongueth.eu\/fr\/journees-du-patrimoine-sept-2015\/","title":{"rendered":"Journ\u00e9es du Patrimoine sept. 2015"},"content":{"rendered":"<p>Dans le cadre des \u00a0<a href=\"http:\/\/journeesdupatrimoine.culturecommunication.gouv.fr\/\" target=\"_blank\">journ\u00e9es europ\u00e9ennes du patrimoine<\/a>, la\u00a0Maison G\u00fcth fut ouverte au public les 19 et 20 septembre 2015.<br \/>\nSamedi 19 septembre, 40 personnes environ ont b\u00e9n\u00e9fici\u00e9 de visites guid\u00e9es en fran\u00e7ais ou\u00a0en allemand.<br \/>\nDimanche 20, les visites guid\u00e9es ont repris, pour plus de 250 personnes cette fois.\u00a0Au total, ces journ\u00e9es du patrimoine \u00e0 la Maison G\u00fcth ont rencontr\u00e9 un franc succ\u00e8s.<\/p>\n<p>Merci aux <strong>conteurs de la M\u00e9diath\u00e8que de Freyming-Merlebach<\/strong> pour l&rsquo;animation dans le jardin et l&rsquo;arboretum.<br \/>\nMerci au <strong>groupe de musique SCHAUKELPERD<\/strong>\u00a0pour la bonne ambiance musicale dans le jardin. Ce groupe, d&rsquo;inspiration folk, a\u00a0chant\u00e9, amus\u00e9, \u00e9pat\u00e9 la galerie&#8230; des visiteurs de l&rsquo;apr\u00e8s-midi.\u00a0Leur r\u00e9pertoire reprend les\u00a0chants traditionnels de la Lorraine francique, en fran\u00e7ais et en patois.\u00a0Les \u00ab Schaukelperd \u00bb en sc\u00e8ne, ce fut un de ces moments rares, fait de\u00a0rires et de blagues, d&rsquo;anecdotes et de bons mots, sur et autour de la culture francique. Un spectacle qui bascule dans l\u2019absurde, passant les fronti\u00e8res des identit\u00e9s comme le faisait le cheval \u00e0 bascule (le Schaukelperd) de notre enfance.<\/p>\n<p>Nous vous disons \u00e0 bient\u00f4t, bis bald, \u00e0 la Maison G\u00fcth, pour de nouvelles animations&#8230;<\/p>\n<figure id=\"attachment_185\" aria-describedby=\"caption-attachment-185\" style=\"width: 960px\" class=\"wp-caption alignnone\"><a href=\"http:\/\/www.lamaisongueth.eu\/wordpress\/wp-content\/uploads\/2015\/09\/schaukelperd960.jpg\"><img loading=\"lazy\" decoding=\"async\" class=\"wp-image-185 size-full\" src=\"http:\/\/www.lamaisongueth.eu\/wordpress\/wp-content\/uploads\/2015\/09\/schaukelperd960.jpg\" alt=\"\" width=\"960\" height=\"540\" srcset=\"https:\/\/www.lamaisongueth.eu\/wordpress\/wp-content\/uploads\/2015\/09\/schaukelperd960.jpg 960w, https:\/\/www.lamaisongueth.eu\/wordpress\/wp-content\/uploads\/2015\/09\/schaukelperd960-300x169.jpg 300w\" sizes=\"auto, (max-width: 960px) 100vw, 960px\" \/><\/a><figcaption id=\"caption-attachment-185\" class=\"wp-caption-text\">Le groupe Schaukelperd \u00e0 la maison G\u00fcth (Photo Schaukelperd)<\/figcaption><\/figure>\n<figure id=\"attachment_177\" aria-describedby=\"caption-attachment-177\" style=\"width: 930px\" class=\"wp-caption alignnone\"><img loading=\"lazy\" decoding=\"async\" class=\"wp-image-177\" src=\"http:\/\/www.lamaisongueth.eu\/wordpress\/wp-content\/uploads\/2015\/09\/conteursMediatheque930.jpg\" alt=\"les conteurs de la M\u00e9diath\u00e8que de Freyming-Merlebach\" width=\"930\" height=\"698\" srcset=\"https:\/\/www.lamaisongueth.eu\/wordpress\/wp-content\/uploads\/2015\/09\/conteursMediatheque930.jpg 930w, https:\/\/www.lamaisongueth.eu\/wordpress\/wp-content\/uploads\/2015\/09\/conteursMediatheque930-300x225.jpg 300w\" sizes=\"auto, (max-width: 930px) 100vw, 930px\" \/><figcaption id=\"caption-attachment-177\" class=\"wp-caption-text\">les conteurs de la M\u00e9diath\u00e8que de Freyming-Merlebach (Photo Sylvain S.)<\/figcaption><\/figure>\n<figure id=\"attachment_184\" aria-describedby=\"caption-attachment-184\" style=\"width: 960px\" class=\"wp-caption alignnone\"><a href=\"http:\/\/www.lamaisongueth.eu\/wordpress\/wp-content\/uploads\/2015\/09\/JEP2015GuidesPierre_MarieLaure960.jpg\"><img loading=\"lazy\" decoding=\"async\" class=\"size-full wp-image-184\" src=\"http:\/\/www.lamaisongueth.eu\/wordpress\/wp-content\/uploads\/2015\/09\/JEP2015GuidesPierre_MarieLaure960.jpg\" alt=\"Les guides Pierre et Marie Laure\" width=\"960\" height=\"720\" srcset=\"https:\/\/www.lamaisongueth.eu\/wordpress\/wp-content\/uploads\/2015\/09\/JEP2015GuidesPierre_MarieLaure960.jpg 960w, https:\/\/www.lamaisongueth.eu\/wordpress\/wp-content\/uploads\/2015\/09\/JEP2015GuidesPierre_MarieLaure960-300x225.jpg 300w\" sizes=\"auto, (max-width: 960px) 100vw, 960px\" \/><\/a><figcaption id=\"caption-attachment-184\" class=\"wp-caption-text\">Les guides Pierre et Marie Laure (Photo Francis B.)<\/figcaption><\/figure>\n<figure id=\"attachment_182\" aria-describedby=\"caption-attachment-182\" style=\"width: 960px\" class=\"wp-caption alignnone\"><a href=\"http:\/\/www.lamaisongueth.eu\/wordpress\/wp-content\/uploads\/2015\/09\/JEP2015GuideHubert960.jpg\"><img loading=\"lazy\" decoding=\"async\" class=\"size-full wp-image-182\" src=\"http:\/\/www.lamaisongueth.eu\/wordpress\/wp-content\/uploads\/2015\/09\/JEP2015GuideHubert960.jpg\" alt=\"Hubert, guide bilingue\" width=\"960\" height=\"720\" srcset=\"https:\/\/www.lamaisongueth.eu\/wordpress\/wp-content\/uploads\/2015\/09\/JEP2015GuideHubert960.jpg 960w, https:\/\/www.lamaisongueth.eu\/wordpress\/wp-content\/uploads\/2015\/09\/JEP2015GuideHubert960-300x225.jpg 300w\" sizes=\"auto, (max-width: 960px) 100vw, 960px\" \/><\/a><figcaption id=\"caption-attachment-182\" class=\"wp-caption-text\">Hubert, guide bilingue (Photo Francis B.)<\/figcaption><\/figure>\n<figure id=\"attachment_183\" aria-describedby=\"caption-attachment-183\" style=\"width: 960px\" class=\"wp-caption alignnone\"><a href=\"http:\/\/www.lamaisongueth.eu\/wordpress\/wp-content\/uploads\/2015\/09\/JEP2015GuideJacques960.jpg\"><img loading=\"lazy\" decoding=\"async\" class=\"size-full wp-image-183\" src=\"http:\/\/www.lamaisongueth.eu\/wordpress\/wp-content\/uploads\/2015\/09\/JEP2015GuideJacques960.jpg\" alt=\"Jacques, guide \u00e0 l'Arboretum\" width=\"960\" height=\"720\" srcset=\"https:\/\/www.lamaisongueth.eu\/wordpress\/wp-content\/uploads\/2015\/09\/JEP2015GuideJacques960.jpg 960w, https:\/\/www.lamaisongueth.eu\/wordpress\/wp-content\/uploads\/2015\/09\/JEP2015GuideJacques960-300x225.jpg 300w\" sizes=\"auto, (max-width: 960px) 100vw, 960px\" \/><\/a><figcaption id=\"caption-attachment-183\" class=\"wp-caption-text\">Jacques, guide \u00e0 l&rsquo;Arboretum (Photo Francis B.)<\/figcaption><\/figure>\n<p>Note importante : Jovi et Frank ont \u00e9galement men\u00e9 beaucoup de visites guid\u00e9es ; malheureusement nous n&rsquo;en avons pour le moment aucune photo&#8230;!<br \/>\nEnfin, un <a title=\"Photos des JEP 2015\" href=\"http:\/\/www.lamaisongueth.eu\/archives\/150\">diaporama rassemblant\u00a0quelques photos&#8230;<\/a><\/p>","protected":false},"excerpt":{"rendered":"<p>Dans le cadre des \u00a0journ\u00e9es europ\u00e9ennes du patrimoine, la\u00a0Maison G\u00fcth fut ouverte au public les 19 et 20 septembre 2015. Samedi 19 septembre, 40 personnes environ ont b\u00e9n\u00e9fici\u00e9 de visites guid\u00e9es en fran\u00e7ais ou\u00a0en allemand. Dimanche 20, les visites guid\u00e9es ont repris, pour plus de 250 personnes cette fois.\u00a0Au total, ces journ\u00e9es du patrimoine \u00e0<span class=\"more-link\">Continue reading<\/span><\/p>\n","protected":false},"author":1,"featured_media":185,"comment_status":"open","ping_status":"closed","sticky":false,"template":"","format":"standard","meta":{"footnotes":""},"categories":[4,11],"tags":[],"class_list":["post-181","post","type-post","status-publish","format-standard","has-post-thumbnail","hentry","category-evenement","category-asso"],"_links":{"self":[{"href":"https:\/\/www.lamaisongueth.eu\/fr\/wp-json\/wp\/v2\/posts\/181","targetHints":{"allow":["GET"]}}],"collection":[{"href":"https:\/\/www.lamaisongueth.eu\/fr\/wp-json\/wp\/v2\/posts"}],"about":[{"href":"https:\/\/www.lamaisongueth.eu\/fr\/wp-json\/wp\/v2\/types\/post"}],"author":[{"embeddable":true,"href":"https:\/\/www.lamaisongueth.eu\/fr\/wp-json\/wp\/v2\/users\/1"}],"replies":[{"embeddable":true,"href":"https:\/\/www.lamaisongueth.eu\/fr\/wp-json\/wp\/v2\/comments?post=181"}],"version-history":[{"count":8,"href":"https:\/\/www.lamaisongueth.eu\/fr\/wp-json\/wp\/v2\/posts\/181\/revisions"}],"predecessor-version":[{"id":199,"href":"https:\/\/www.lamaisongueth.eu\/fr\/wp-json\/wp\/v2\/posts\/181\/revisions\/199"}],"wp:featuredmedia":[{"embeddable":true,"href":"https:\/\/www.lamaisongueth.eu\/fr\/wp-json\/wp\/v2\/media\/185"}],"wp:attachment":[{"href":"https:\/\/www.lamaisongueth.eu\/fr\/wp-json\/wp\/v2\/media?parent=181"}],"wp:term":[{"taxonomy":"category","embeddable":true,"href":"https:\/\/www.lamaisongueth.eu\/fr\/wp-json\/wp\/v2\/categories?post=181"},{"taxonomy":"post_tag","embeddable":true,"href":"https:\/\/www.lamaisongueth.eu\/fr\/wp-json\/wp\/v2\/tags?post=181"}],"curies":[{"name":"wp","href":"https:\/\/api.w.org\/{rel}","templated":true}]}}