{"id":288,"date":"2016-05-09T17:54:54","date_gmt":"2016-05-09T16:54:54","guid":{"rendered":"http:\/\/www.lamaisongueth.eu\/?p=288"},"modified":"2016-07-29T20:25:42","modified_gmt":"2016-07-29T19:25:42","slug":"calendrier-2016","status":"publish","type":"post","link":"https:\/\/www.lamaisongueth.eu\/fr\/calendrier-2016\/","title":{"rendered":"Calendrier 2016"},"content":{"rendered":"<p><\/p>\n<hr \/>\n<p>MAI 2016<\/p>\n<p>LA MAISON G\u00dcTH S\u2019ANIME &#8211; dans le cadre du <a href=\"http:\/\/www.saarmoselle.org\/page310-warndt-weekend.html\" target=\"_blank\">Warndt week-end<\/a><br \/>\n28.05.2016 \/\/ 14 H \u2013 18 H<br \/>\n29.05.2016 \/\/ 10 H \u2013 18 H<br \/>\n<strong>Visite comment\u00e9e<\/strong> d\u2019une maison paysanne authentique\u00a0du 17\u00e8me si\u00e8cle et de l\u2019arboretum attenant. <span style=\"text-decoration: underline;\">Si vous\u00a0venez \u00e0 v\u00e9lo, on vous offre la photo<\/span> (photo num\u00e9rique du\u00a0visiteur dans un cadre sp\u00e9cial) !<br \/>\nEntr\u00e9e libre.<br \/>\nInfo : +33 3 87905353, otsi.hombourg-haut@wanadoo.fr<br \/>\n29.05.2016 \/\/ 15 H &#8211; 17 H <strong>Concert au jardin\u00a0\u2665<\/strong><br \/>\nSession \u00e9lectrique du groupe \u00ab\u00a0<strong>Spoon Connection<\/strong>\u00a0\u00bb :<br \/>\nQuatre amis passionn\u00e9s de musique se connectent pour partager avec le public des morceaux Pop Rock &amp; Folk en versions acoustiques. Leur bonne humeur et leur talent vous emportent au son des voix, des guitares, de la basse, du cajon et des percussions. <span style=\"text-decoration: underline;\">Elo\u00efse, Eric, Pierre et Fred<\/span> m\u00e9langent compositions et reprises d\u2019artistes tels que : Mademoiselle K, Ed Sheeran, Lynda Lemay, Jack Johnson et bien d\u2019autres encore pour vous concocter un vrai petit bonheur sonore \u00e0 savourer sans mod\u00e9ration !<a href=\"http:\/\/www.lamaisongueth.eu\/wordpress\/wp-content\/uploads\/2016\/05\/SpoonConnection-affiche2.pdf\" target=\"_blank\" rel=\"\">Voir l&rsquo;affiche du groupe<\/a><\/p>\n<hr \/>\n<p>JUIN 2016<\/p>\n<p>12.06.2016 14\u00a0H\u00a030 <strong>Visite guid\u00e9e<\/strong> \u00ab\u00a0D\u00e9couverte de la Maison G\u00fcth \u00e0 Hoste\u00a0\u00bb<br \/>\nAu terme d&rsquo;une balade dans les paysages de Hoste fa\u00e7onn\u00e9s par l&rsquo;Histoire, vous visiterez la maison et l&rsquo;arboretum attenant. Dur\u00e9e de la visite, balade comprise : environ 3h.\u00a0La promenade dure 1h, A\/R. Chaussures adapt\u00e9es aux chemins.<br \/>\nInscription obligatoire \u00e0 l&rsquo;Office de tourisme +33 3 87905353 (3\u20ac \/ personne)<\/p>\n<hr \/>\n<p>JUILLET 2016<\/p>\n<p>24.07.2016 \/\/ 15 H 30 &#8211; 17 H <strong>Concert au jardin\u00a0\u2665<\/strong><br \/>\nSession jazz avec \u00ab\u00a0<strong>Die Kunstpfeiffer<\/strong>\u00ab\u00a0, groupe sarrois qui nous fait l&rsquo;honneur de donner un concert dans le jardin de la maison G\u00fcth (dans la grange en cas de mauvais temps).<br \/>\nGratuit pour les membres de l&rsquo;association, mais vous pouvez adh\u00e9rer sur place ; la cotisation minimale est de 5\u20ac pour l&rsquo;ann\u00e9e.<\/p>\n<hr \/>\n<p><a name=\"Now\"><\/a> AOUT 2016<\/p>\n<p>27.08.2016 \/\/ 14 H &#8211; 17 H<br \/>\n28.08.2016 \/\/ 14 H &#8211; 17 H<br \/>\n<strong>Exposition d&rsquo;aquarelles<\/strong> dans la maison G\u00fcth.<br \/>\nL&rsquo;artiste, Fran\u00e7oise RIFF, a fix\u00e9 sur ses aquarelles la beaut\u00e9 de la campagne lorraine. Le sculpteur\u00a0Freddy Blackberry exposera \u00e9galement\u00a0quelques unes de ses oeuvres.<\/p>\n<hr \/>\n<p>SEPTEMBRE 2016<\/p>\n<p>17.09.2016 \/\/ 14 H &#8211; 18 H<br \/>\n18.09.2016 \/\/ 10 H &#8211; 14 H<br \/>\n<strong>Ouverture de la maison aux visiteurs<\/strong> &#8211; dans le cadre des journ\u00e9es europ\u00e9ennes du patrimoine<br \/>\n18.09.2016 \/\/ 15 H 30 &#8211; 17 H <strong>Concert au jardin\u00a0\u2665<\/strong><br \/>\nSpectacle musical et chanson fran\u00e7aise avec \u00ab\u00a0<strong>Swingswoingsong<\/strong>\u00ab\u00a0, groupe meurthe-et-mosellan : un beau moment en perspective, po\u00e9sie, chanson, humour<\/p>","protected":false},"excerpt":{"rendered":"<p>MAI 2016 LA MAISON G\u00dcTH S\u2019ANIME &#8211; dans le cadre du Warndt week-end 28.05.2016 \/\/ 14 H \u2013 18 H 29.05.2016 \/\/ 10 H \u2013 18 H Visite comment\u00e9e d\u2019une maison paysanne authentique\u00a0du 17\u00e8me si\u00e8cle et de l\u2019arboretum attenant. Si vous\u00a0venez \u00e0 v\u00e9lo, on vous offre la photo (photo num\u00e9rique du\u00a0visiteur dans un cadre sp\u00e9cial)<span class=\"more-link\">Continue reading<\/span><\/p>\n","protected":false},"author":1,"featured_media":0,"comment_status":"open","ping_status":"closed","sticky":false,"template":"","format":"standard","meta":{"footnotes":""},"categories":[4],"tags":[],"class_list":["post-288","post","type-post","status-publish","format-standard","hentry","category-evenement"],"_links":{"self":[{"href":"https:\/\/www.lamaisongueth.eu\/fr\/wp-json\/wp\/v2\/posts\/288","targetHints":{"allow":["GET"]}}],"collection":[{"href":"https:\/\/www.lamaisongueth.eu\/fr\/wp-json\/wp\/v2\/posts"}],"about":[{"href":"https:\/\/www.lamaisongueth.eu\/fr\/wp-json\/wp\/v2\/types\/post"}],"author":[{"embeddable":true,"href":"https:\/\/www.lamaisongueth.eu\/fr\/wp-json\/wp\/v2\/users\/1"}],"replies":[{"embeddable":true,"href":"https:\/\/www.lamaisongueth.eu\/fr\/wp-json\/wp\/v2\/comments?post=288"}],"version-history":[{"count":15,"href":"https:\/\/www.lamaisongueth.eu\/fr\/wp-json\/wp\/v2\/posts\/288\/revisions"}],"predecessor-version":[{"id":325,"href":"https:\/\/www.lamaisongueth.eu\/fr\/wp-json\/wp\/v2\/posts\/288\/revisions\/325"}],"wp:attachment":[{"href":"https:\/\/www.lamaisongueth.eu\/fr\/wp-json\/wp\/v2\/media?parent=288"}],"wp:term":[{"taxonomy":"category","embeddable":true,"href":"https:\/\/www.lamaisongueth.eu\/fr\/wp-json\/wp\/v2\/categories?post=288"},{"taxonomy":"post_tag","embeddable":true,"href":"https:\/\/www.lamaisongueth.eu\/fr\/wp-json\/wp\/v2\/tags?post=288"}],"curies":[{"name":"wp","href":"https:\/\/api.w.org\/{rel}","templated":true}]}}