{"id":33,"date":"2015-03-25T12:19:32","date_gmt":"2015-03-25T11:19:32","guid":{"rendered":"http:\/\/lamaisongueth.eu\/?p=33"},"modified":"2015-03-26T10:01:50","modified_gmt":"2015-03-26T09:01:50","slug":"le-caue57-donne-un-conseil","status":"publish","type":"post","link":"https:\/\/www.lamaisongueth.eu\/fr\/le-caue57-donne-un-conseil\/","title":{"rendered":"Le CAUE57 donne un conseil"},"content":{"rendered":"<p>Le conseil d&rsquo;architecture, d&rsquo;urbanisme et d&rsquo;environnement (CAUE) de la Moselle s&rsquo;est pench\u00e9 sur la maison G\u00fcth. Julian PIERRE, architecte, a\u00a0effectu\u00e9 une visite en janvier, et a produit un document analytique r\u00e9pertoriant\u00a0les caract\u00e9ristiques, le potentiel, et les fragilit\u00e9s que pr\u00e9sente la maison.<\/p>\n<figure id=\"attachment_42\" aria-describedby=\"caption-attachment-42\" style=\"width: 930px\" class=\"wp-caption alignnone\"><a href=\"http:\/\/www.lamaisongueth.eu\/wordpress\/wp-content\/uploads\/2015\/03\/LMG_2015_Jovi_Sylvain1.jpg\"><img loading=\"lazy\" decoding=\"async\" class=\"size-full wp-image-42\" src=\"http:\/\/www.lamaisongueth.eu\/wordpress\/wp-content\/uploads\/2015\/03\/LMG_2015_Jovi_Sylvain1.jpg\" alt=\"Sylvain, Jovi \u00a9Julian PIERRE CAUE57\" width=\"930\" height=\"620\" srcset=\"https:\/\/www.lamaisongueth.eu\/wordpress\/wp-content\/uploads\/2015\/03\/LMG_2015_Jovi_Sylvain1.jpg 930w, https:\/\/www.lamaisongueth.eu\/wordpress\/wp-content\/uploads\/2015\/03\/LMG_2015_Jovi_Sylvain1-300x200.jpg 300w\" sizes=\"auto, (max-width: 930px) 100vw, 930px\" \/><\/a><figcaption id=\"caption-attachment-42\" class=\"wp-caption-text\">Sylvain, Jovi \u00a9Julian PIERRE CAUE57<\/figcaption><\/figure>\n<figure id=\"attachment_41\" aria-describedby=\"caption-attachment-41\" style=\"width: 930px\" class=\"wp-caption alignnone\"><a href=\"http:\/\/www.lamaisongueth.eu\/wordpress\/wp-content\/uploads\/2015\/03\/LMG_2015VisiteCAUE01.jpg\"><img loading=\"lazy\" decoding=\"async\" class=\"size-full wp-image-41\" src=\"http:\/\/www.lamaisongueth.eu\/wordpress\/wp-content\/uploads\/2015\/03\/LMG_2015VisiteCAUE01.jpg\" alt=\"Sylvain, Jovi, Michel JACQUES (Maire), Adrien \u00a9Julian PIERRE CAUE57\" width=\"930\" height=\"620\" srcset=\"https:\/\/www.lamaisongueth.eu\/wordpress\/wp-content\/uploads\/2015\/03\/LMG_2015VisiteCAUE01.jpg 930w, https:\/\/www.lamaisongueth.eu\/wordpress\/wp-content\/uploads\/2015\/03\/LMG_2015VisiteCAUE01-300x200.jpg 300w\" sizes=\"auto, (max-width: 930px) 100vw, 930px\" \/><\/a><figcaption id=\"caption-attachment-41\" class=\"wp-caption-text\">Sylvain, Jovi, Michel JACQUES (Maire), Adrien \u00a9Julian PIERRE CAUE57<\/figcaption><\/figure>\n","protected":false},"excerpt":{"rendered":"<p>Le conseil d&rsquo;architecture, d&rsquo;urbanisme et d&rsquo;environnement (CAUE) de la Moselle s&rsquo;est pench\u00e9 sur la maison G\u00fcth. Julian PIERRE, architecte, a\u00a0effectu\u00e9 une visite en janvier, et a produit un document analytique r\u00e9pertoriant\u00a0les caract\u00e9ristiques, le potentiel, et les fragilit\u00e9s que pr\u00e9sente la maison.<\/p>\n","protected":false},"author":1,"featured_media":0,"comment_status":"open","ping_status":"closed","sticky":false,"template":"","format":"standard","meta":{"footnotes":""},"categories":[11],"tags":[],"class_list":["post-33","post","type-post","status-publish","format-standard","hentry","category-asso"],"_links":{"self":[{"href":"https:\/\/www.lamaisongueth.eu\/fr\/wp-json\/wp\/v2\/posts\/33","targetHints":{"allow":["GET"]}}],"collection":[{"href":"https:\/\/www.lamaisongueth.eu\/fr\/wp-json\/wp\/v2\/posts"}],"about":[{"href":"https:\/\/www.lamaisongueth.eu\/fr\/wp-json\/wp\/v2\/types\/post"}],"author":[{"embeddable":true,"href":"https:\/\/www.lamaisongueth.eu\/fr\/wp-json\/wp\/v2\/users\/1"}],"replies":[{"embeddable":true,"href":"https:\/\/www.lamaisongueth.eu\/fr\/wp-json\/wp\/v2\/comments?post=33"}],"version-history":[{"count":6,"href":"https:\/\/www.lamaisongueth.eu\/fr\/wp-json\/wp\/v2\/posts\/33\/revisions"}],"predecessor-version":[{"id":43,"href":"https:\/\/www.lamaisongueth.eu\/fr\/wp-json\/wp\/v2\/posts\/33\/revisions\/43"}],"wp:attachment":[{"href":"https:\/\/www.lamaisongueth.eu\/fr\/wp-json\/wp\/v2\/media?parent=33"}],"wp:term":[{"taxonomy":"category","embeddable":true,"href":"https:\/\/www.lamaisongueth.eu\/fr\/wp-json\/wp\/v2\/categories?post=33"},{"taxonomy":"post_tag","embeddable":true,"href":"https:\/\/www.lamaisongueth.eu\/fr\/wp-json\/wp\/v2\/tags?post=33"}],"curies":[{"name":"wp","href":"https:\/\/api.w.org\/{rel}","templated":true}]}}