{"id":476,"date":"2019-03-03T12:02:27","date_gmt":"2019-03-03T11:02:27","guid":{"rendered":"http:\/\/lamaisongueth.eu\/?p=476"},"modified":"2019-03-10T23:11:13","modified_gmt":"2019-03-10T22:11:13","slug":"court-metrage-14-juillet","status":"publish","type":"post","link":"https:\/\/www.lamaisongueth.eu\/fr\/court-metrage-14-juillet\/","title":{"rendered":"Court-m\u00e9trage \u00ab\u00a014 juillet\u00a0\u00bb"},"content":{"rendered":"<p>La maison G\u00fcth a \u00e9t\u00e9 choisie comme cadre d&rsquo;une fiction intitul\u00e9e \u00ab\u00a014 juillet\u00a0\u00bb. Les deux jeunes r\u00e9alisateurs, Maxime L\u00e9vy-Chapira et F\u00e9lix Desfons, n&rsquo;en sont pas \u00e0 leur coup d&rsquo;essai, puisqu&rsquo;ils ont d\u00e9j\u00e0 produit deux autres films. Apr\u00e8s plus d&rsquo;un an de pr\u00e9paration, \u00ab\u00a014 juillet\u00a0\u00bb a \u00e9t\u00e9 tourn\u00e9 \u00e0 Hoste, cr\u00e9ant l&rsquo;\u00e9v\u00e9nement dans notre petite commune.\u00a0L&rsquo;association La Maison G\u00fcth a soutenu ce projet financi\u00e8rement, mais aussi a assur\u00e9 l&rsquo;h\u00e9bergement de la petite troupe (22 personnes tout de m\u00eame)\u00a0chez de gentils b\u00e9n\u00e9voles de Hoste ! qu&rsquo;ils en soient chaleureusement remerci\u00e9s ! Merci aussi \u00e0 Ang\u00e8le, Fred, Hubert et au Comit\u00e9 Inter Associatif qui ont pr\u00eat\u00e9 main-forte, tentes et accessoires.<\/p>\n<p>Le film est d\u00e9sormais achev\u00e9. Une projection aura lieu \u00e0 au cin\u00e9ma Mega Kin\u00e9 de Freyming-Merlebach, le 15 mars 2019 \u00e0 18h30 : la s\u00e9ance est ouverte \u00e0 tout le monde (gratuit). En attendant, voici la bande-annonce : <a href=\"http:\/\/lamaisongueth.eu\/archives\/558\">\u00ab\u00a014 Juillet\u00a0\u00bb<\/a><\/p>\n<figure id=\"attachment_477\" aria-describedby=\"caption-attachment-477\" style=\"width: 960px\" class=\"wp-caption alignnone\"><a href=\"http:\/\/www.lamaisongueth.eu\/wordpress\/wp-content\/uploads\/2017\/09\/equipetournage.jpg\"><img loading=\"lazy\" decoding=\"async\" class=\"size-full wp-image-477\" src=\"http:\/\/www.lamaisongueth.eu\/wordpress\/wp-content\/uploads\/2017\/09\/equipetournage.jpg\" alt=\"\" width=\"960\" height=\"641\" srcset=\"https:\/\/www.lamaisongueth.eu\/wordpress\/wp-content\/uploads\/2017\/09\/equipetournage.jpg 960w, https:\/\/www.lamaisongueth.eu\/wordpress\/wp-content\/uploads\/2017\/09\/equipetournage-300x200.jpg 300w, https:\/\/www.lamaisongueth.eu\/wordpress\/wp-content\/uploads\/2017\/09\/equipetournage-768x513.jpg 768w\" sizes=\"auto, (max-width: 960px) 100vw, 960px\" \/><\/a><figcaption id=\"caption-attachment-477\" class=\"wp-caption-text\">L&rsquo;\u00e9quipe du tournage du film \u00ab\u00a014 juillet\u00a0\u00bb<\/figcaption><\/figure>\n<p><a href=\"http:\/\/www.lamaisongueth.eu\/wordpress\/wp-content\/uploads\/2017\/09\/tournageIMG_2070.jpg\"><img loading=\"lazy\" decoding=\"async\" class=\"alignnone size-large wp-image-478\" src=\"http:\/\/www.lamaisongueth.eu\/wordpress\/wp-content\/uploads\/2017\/09\/tournageIMG_2070.jpg\" alt=\"\" width=\"960\" height=\"720\" srcset=\"https:\/\/www.lamaisongueth.eu\/wordpress\/wp-content\/uploads\/2017\/09\/tournageIMG_2070.jpg 960w, https:\/\/www.lamaisongueth.eu\/wordpress\/wp-content\/uploads\/2017\/09\/tournageIMG_2070-300x225.jpg 300w, https:\/\/www.lamaisongueth.eu\/wordpress\/wp-content\/uploads\/2017\/09\/tournageIMG_2070-768x576.jpg 768w\" sizes=\"auto, (max-width: 960px) 100vw, 960px\" \/><\/a><\/p>","protected":false},"excerpt":{"rendered":"<p>La maison G\u00fcth a \u00e9t\u00e9 choisie comme cadre d&rsquo;une fiction intitul\u00e9e \u00ab\u00a014 juillet\u00a0\u00bb. Les deux jeunes r\u00e9alisateurs, Maxime L\u00e9vy-Chapira et F\u00e9lix Desfons, n&rsquo;en sont pas \u00e0 leur coup d&rsquo;essai, puisqu&rsquo;ils ont d\u00e9j\u00e0 produit deux autres films. Apr\u00e8s plus d&rsquo;un an de pr\u00e9paration, \u00ab\u00a014 juillet\u00a0\u00bb a \u00e9t\u00e9 tourn\u00e9 \u00e0 Hoste, cr\u00e9ant l&rsquo;\u00e9v\u00e9nement dans notre petite commune.\u00a0L&rsquo;association<span class=\"more-link\">Continue reading<\/span><\/p>\n","protected":false},"author":1,"featured_media":0,"comment_status":"open","ping_status":"closed","sticky":false,"template":"","format":"standard","meta":{"footnotes":""},"categories":[4],"tags":[],"class_list":["post-476","post","type-post","status-publish","format-standard","hentry","category-evenement"],"_links":{"self":[{"href":"https:\/\/www.lamaisongueth.eu\/fr\/wp-json\/wp\/v2\/posts\/476","targetHints":{"allow":["GET"]}}],"collection":[{"href":"https:\/\/www.lamaisongueth.eu\/fr\/wp-json\/wp\/v2\/posts"}],"about":[{"href":"https:\/\/www.lamaisongueth.eu\/fr\/wp-json\/wp\/v2\/types\/post"}],"author":[{"embeddable":true,"href":"https:\/\/www.lamaisongueth.eu\/fr\/wp-json\/wp\/v2\/users\/1"}],"replies":[{"embeddable":true,"href":"https:\/\/www.lamaisongueth.eu\/fr\/wp-json\/wp\/v2\/comments?post=476"}],"version-history":[{"count":5,"href":"https:\/\/www.lamaisongueth.eu\/fr\/wp-json\/wp\/v2\/posts\/476\/revisions"}],"predecessor-version":[{"id":679,"href":"https:\/\/www.lamaisongueth.eu\/fr\/wp-json\/wp\/v2\/posts\/476\/revisions\/679"}],"wp:attachment":[{"href":"https:\/\/www.lamaisongueth.eu\/fr\/wp-json\/wp\/v2\/media?parent=476"}],"wp:term":[{"taxonomy":"category","embeddable":true,"href":"https:\/\/www.lamaisongueth.eu\/fr\/wp-json\/wp\/v2\/categories?post=476"},{"taxonomy":"post_tag","embeddable":true,"href":"https:\/\/www.lamaisongueth.eu\/fr\/wp-json\/wp\/v2\/tags?post=476"}],"curies":[{"name":"wp","href":"https:\/\/api.w.org\/{rel}","templated":true}]}}