{"id":499,"date":"2019-04-20T06:00:16","date_gmt":"2019-04-20T05:00:16","guid":{"rendered":"http:\/\/lamaisongueth.eu\/?p=499"},"modified":"2019-09-18T18:03:35","modified_gmt":"2019-09-18T17:03:35","slug":"programme-des-animations-2018","status":"publish","type":"post","link":"https:\/\/www.lamaisongueth.eu\/fr\/programme-des-animations-2018\/","title":{"rendered":"Programme des animations 2019"},"content":{"rendered":"<p>AVRIL &#8211; MAI 2019<br \/>\n&#8211; Dimanche 28 avril<br \/>\n&#8211; Dimanche 23 mai<br \/>\nVisites \u00ab\u00a0d\u00e9couverte de Hoste\u00a0\u00bb avec Philippe. Lignez Maginot aquatique, nature et Maison G\u00fcth, suivez le guide&#8230;<\/p>\n<hr \/>\n<p>JUIN 2019<br \/>\nLA MAISON G\u00dcTH S\u2019ANIME &#8211; dans le cadre du <a href=\"http:\/\/www.saarmoselle.org\/page310-warndt-weekend.html\" target=\"_blank\" rel=\"noopener\">Warndt week-end<\/a><br \/>\n&#8211; Samedi 01.06.2019 \/\/ 14 H &#8211; 18 H LA MAISON G\u00dcTH RENOV\u00c9E :\u00a0<strong>Ouverture de la maison aux visiteurs<\/strong><br \/>\n&#8211; Dimanche 02.06.2019 \/\/ 14 H (UNE SEULE VISITE)<br \/>\nLa Maison G\u00fcth a b\u00e9n\u00e9fici\u00e9 de gros travaux int\u00e9rieurs pour la rendre encore plus belle. Venez visiter cette authentique maison paysanne du 18e si\u00e8cle. (Attention une seule visite le dimanche \u00e0 14 h). Buvette et tartelettes.<br \/>\nBuvette &amp; tartelettes.<\/p>\n<hr \/>\n<p>&#8211; Dimanche 02.06.2019 \/\/ 15 H 30<br \/>\nLA MAISON G\u00dcTH CHANTE \u00ab\u00a0LES HORMONES EN FOLIE\u00a0\u00bb<br \/>\nCharlotte, Sophie et Fran\u00e7ois vous proposent un <a href=\"http:\/\/lamaisongueth.eu\/archives\/695\" target=\"_blank\" rel=\"noopener\">concert original, musical et biologique<\/a>. M\u00e9lodies et airs d\u2019op\u00e9ra seront agr\u00e9ment\u00e9s d\u2019explications scientifiques sur le comportement humain : l\u2019hyst\u00e9rie chez Ravel et Mozart, l\u2019attachement maternel chez Gershwin ou encore la passion amoureuse chez Bizet.<br \/>\nVenez nombreux assister \u00e0 cet \u00e9v\u00e9nement in\u00e9dit entre art et sciences, dans le jardin de la maison G\u00fcth !<br \/>\nBuvette &amp; tartelettes. Gratuit.<\/p>\n<hr \/>\n<p>VISITE DE l&rsquo;ARBORETUM<br \/>\ndes histoires d\u2019arbres, des arbres dans l\u2019histoire. Une agr\u00e9able d\u00e9ambulation au milieu de ces arbres majestueux, et des histoires surprenantes vous seront cont\u00e9es.<br \/>\n&#8211; Samedi 01.06.2019 \/\/ 14 H 30 \u2013 15 H 30 \u2013 16 H 30<br \/>\n&#8211; Dimanche 02.06.2019 \/\/ 14 H (UNE SEULE VISITE)<\/p>\n<hr \/>\n<p>&#8211; Vendredi 07.06.2019 \/\/ 20 H<br \/>\nCONFERENCE \u00ab\u00a0La sorcellerie dans la seigneurie de Hombourg aux 16 et 17e si\u00e8cles &#8211; et aussi \u00e0 Hoste\u00a0\u00bb<br \/>\npar Vincent Vion : <a href=\"http:\/\/lamaisongueth.eu\/archives\/697\" target=\"_blank\" rel=\"noopener\">suivez le lien<\/a><\/p>\n<p>&#8211; Mardi 11.06.2019 \/\/ 20 H<br \/>\nCONFERENCE \u00ab \u00ab\u00a0Les Gilets jaunes et la d\u00e9mocratie\u00a0\u00bb -lieu : foyer socio-\u00e9ducatif de Hoste<br \/>\nConf\u00e9rence de Jacob Rogozinski, le mardi 11 juin \u00e0 Hoste (Foyer), \u00e0 l\u2019invitation du Caf\u00e9 Philo de la Maison G\u00fcth.\u00a0Pour Jacob Rogozinski, professeur de philosophie \u00e0 l\u2019Universit\u00e9 de Strasbourg \u2013 mais qui s\u2019exprime aussi comme homme de gauche et comme juif \u2013 le mouvement dit des Gilets Jaunes doit \u00eatre soutenu parce qu\u2019il a\u00a0\u00ab\u00a0<em>refus\u00e9 de c\u00e9der au racisme<\/em>\u00a0\u00bb\u00a0et su pr\u00e9f\u00e9rer le\u00a0<em>demos<\/em>\u00a0(le peuple comme exigence d\u2019\u00e9galit\u00e9) \u00e0 l\u2019<em>ethnos<\/em>\u00a0(le peuple comme origine commune).<\/p>\n<hr \/>\n<p>JUILLET\u00a02019<br \/>\n&#8211; Dimanche 07.07.2019 \/\/ 15 H 30 &#8211; 17 H <strong>Concert au jardin<\/strong><br \/>\nConcert du groupe \u00ab\u00a0Apr\u00e8s la sieste\u00a0\u00bb. Ils reviennent \u00e0 Hoste avec un r\u00e9cital de Pop-rock et de musique celtique<\/p>\n<hr \/>\n<p>&#8211; Dimanche 21.07.2019 \/\/ 15 H 30 &#8211; 17 H <strong>Concert au jardin<\/strong><br \/>\nConcert du groupe \u00ab\u00a0Take five fever\u00a0\u00bb<br \/>\n5 fans de blues-rock revisitent les grands standards du genre<\/p>\n<hr \/>\n<p>AO\u00dbT 2019<br \/>\n&#8211; Dimanche 04.08.2019 \/\/ 15 H 30 &#8211; 17 H <strong>Concert au jardin<\/strong><br \/>\nJazz \u00ab surprise \u00bb<br \/>\nLes grands classiques du jazz par un groupe sarrois<\/p>\n<hr \/>\n<p>SEPTEMBRE 2019<br \/>\n&#8211; Dimanche 01.09.2019<br \/>\nLa Balade gourmande, organis\u00e9e par le Comit\u00e9 Inter-associations de Hoste fera \u00e9tape \u00e0 La Maison G\u00fcth<br \/>\n(inscriptions \u00e0 l&rsquo;<a href=\"http:\/\/www.tourismepaysdefreyming-merlebach.fr\" target=\"_blank\" rel=\"noopener\">office du tourisme<\/a> ou \u00e0 la <a href=\"http:\/\/www.mairie-hoste.fr\" target=\"_blank\" rel=\"noopener\">Mairie de Hoste<\/a>)<\/p>\n<hr \/>\n<p>&#8211; Samedi 14.09.2019 \/\/ 10H &#8211; 16 H 30 Balade philosophique : petite randonn\u00e9e de 8 km pontu\u00e9e de lecture de livre de Diderot \u00a0\u00bb Le neveu de Rameau \u00a0\u00bb suivie d&rsquo;une conf\u00e9rence de Jean-Yves Tr\u00e9pos<\/p>\n<hr id=\"JEP2019\" \/>\n<p>JOURNEES DU PATRIMOINE<br \/>\n&#8211; Samedi 21.09.2019 \/\/ 14 H &#8211; 18 H<br \/>\n&#8211; Dimanche 22.09.2019 \/\/ 14 H &#8211; 18 H<br \/>\n<b>Exposition <\/b>d\u2019aquarelles de Raymond VILHEM, sur le th\u00e8me de la conf\u00e9rence\u00a0<b style=\"font-size: 16px;\">\u00a0<\/b>\u00ab\u00a0Calvaires et Croix de chemins\u00a0de nos campagnes\u00bb<br \/>\n<strong>Ouverture de la maison aux visiteurs<\/strong> &#8211; dans le cadre des journ\u00e9es europ\u00e9ennes du patrimoine.<br \/>\n&#8211; Dimanche 22.09.1019 \/\/15 H 30 <strong>Conf\u00e9rence <\/strong>\u00ab\u00a0Calvaires et Croix de chemins\u00a0de nos campagnes\u00bb, de Jean Michel LANG associ\u00e9 \u00e0 Jean Marie KLOCK, sculpteur<\/p>\n<hr \/>\n<p>Et n&rsquo;oubliez pas : <a href=\"http:\/\/lamaisongueth.eu\/archives\/506\">caf\u00e9 philo les derniers jeudi du mois<\/a><\/p>","protected":false},"excerpt":{"rendered":"<p>AVRIL &#8211; MAI 2019 &#8211; Dimanche 28 avril &#8211; Dimanche 23 mai Visites \u00ab\u00a0d\u00e9couverte de Hoste\u00a0\u00bb avec Philippe. Lignez Maginot aquatique, nature et Maison G\u00fcth, suivez le guide&#8230; JUIN 2019 LA MAISON G\u00dcTH S\u2019ANIME &#8211; dans le cadre du Warndt week-end &#8211; Samedi 01.06.2019 \/\/ 14 H &#8211; 18 H LA MAISON G\u00dcTH RENOV\u00c9E :\u00a0Ouverture<span class=\"more-link\">Continue reading<\/span><\/p>\n","protected":false},"author":1,"featured_media":0,"comment_status":"closed","ping_status":"closed","sticky":false,"template":"","format":"standard","meta":{"footnotes":""},"categories":[4],"tags":[],"class_list":["post-499","post","type-post","status-publish","format-standard","hentry","category-evenement"],"_links":{"self":[{"href":"https:\/\/www.lamaisongueth.eu\/fr\/wp-json\/wp\/v2\/posts\/499","targetHints":{"allow":["GET"]}}],"collection":[{"href":"https:\/\/www.lamaisongueth.eu\/fr\/wp-json\/wp\/v2\/posts"}],"about":[{"href":"https:\/\/www.lamaisongueth.eu\/fr\/wp-json\/wp\/v2\/types\/post"}],"author":[{"embeddable":true,"href":"https:\/\/www.lamaisongueth.eu\/fr\/wp-json\/wp\/v2\/users\/1"}],"replies":[{"embeddable":true,"href":"https:\/\/www.lamaisongueth.eu\/fr\/wp-json\/wp\/v2\/comments?post=499"}],"version-history":[{"count":13,"href":"https:\/\/www.lamaisongueth.eu\/fr\/wp-json\/wp\/v2\/posts\/499\/revisions"}],"predecessor-version":[{"id":798,"href":"https:\/\/www.lamaisongueth.eu\/fr\/wp-json\/wp\/v2\/posts\/499\/revisions\/798"}],"wp:attachment":[{"href":"https:\/\/www.lamaisongueth.eu\/fr\/wp-json\/wp\/v2\/media?parent=499"}],"wp:term":[{"taxonomy":"category","embeddable":true,"href":"https:\/\/www.lamaisongueth.eu\/fr\/wp-json\/wp\/v2\/categories?post=499"},{"taxonomy":"post_tag","embeddable":true,"href":"https:\/\/www.lamaisongueth.eu\/fr\/wp-json\/wp\/v2\/tags?post=499"}],"curies":[{"name":"wp","href":"https:\/\/api.w.org\/{rel}","templated":true}]}}