{"id":506,"date":"2025-11-05T22:00:54","date_gmt":"2025-11-05T21:00:54","guid":{"rendered":"http:\/\/lamaisongueth.eu\/?p=506"},"modified":"2026-03-26T20:32:46","modified_gmt":"2026-03-26T19:32:46","slug":"cafe-philo-a-la-maison-guth","status":"publish","type":"post","link":"https:\/\/www.lamaisongueth.eu\/fr\/cafe-philo-a-la-maison-guth\/","title":{"rendered":"Caf\u00e9 philo \u00e0 La Maison G\u00fcth"},"content":{"rendered":"<p><\/p>\n<div class=\"intro\">\n<p>Le <strong>caf\u00e9 philo<\/strong> se tient -en principe- le dernier jeudi de chaque mois.<br \/>\nIl r\u00e9unit en moyenne 20 participants, ce qui constitue la limite du local dans lequel nous philosophons.<br \/>\nCi-dessous, vous trouverez le principe g\u00e9n\u00e9ral de ces s\u00e9ances, ainsi que la<br \/>\n<a href=\"#listequestions\">liste des questions d\u00e9battues<\/a> et les comptes rendus des s\u00e9ances pass\u00e9es. Et <a href=\"https:\/\/www.lamaisongueth.eu\/wordpress\/wp-content\/uploads\/2026\/01\/cafePhiloLMG-sujets-2025-26.pdf\" target=\"_blank\" rel=\"noopener\">en suivant ce lien<\/a>, vous verrez le r\u00e9sultat du sondage effectu\u00e9 en octobre portant sur les sujets de d\u00e9bat.<\/p>\n<div class=\"alert\">\n<p>\u2757 La prochaine s\u00e9ance aura lieu le 30 avril 2026, de 18H \u00e0 20H <strong>\u00e0 la Maison G\u00fcth<\/strong><\/p>\n<p>La question d\u00e9battue sera <strong>\u00ab A-t-on raison de dire que la b\u00eatise circule mieux entre les t\u00eates que l\u2019id\u00e9e juste ? \u00bb <\/strong><br \/>\n<a href=\"https:\/\/www.lamaisongueth.eu\/inscription-au-cafe-philo\/\" target=\"_blank\" rel=\"noopener\">inscription obligatoire ici&#8230;<\/a><\/p>\n<\/div>\n<p><img decoding=\"async\" class=\"responsive-img\" src=\"http:\/\/www.lamaisongueth.eu\/wordpress\/wp-content\/uploads\/2019\/04\/IMG_1287-1024x388.jpg\" alt=\"Photo caf\u00e9 philo\" \/><\/p>\n<\/div>\n<h3>De quoi s&rsquo;agit-il ?<\/h3>\n<ul>\n<li>Rencontres conviviales autour d\u2019une question sur la vie, la soci\u00e9t\u00e9, le monde&#8230;<\/li>\n<li>S\u00e9ance anim\u00e9e par <strong>Jean-Yves Tr\u00e9pos<\/strong>.<\/li>\n<\/ul>\n<h3>Quel en est le but ?<\/h3>\n<ul>\n<li>Proposer un espace-temps o\u00f9 chacun peut se questionner.<\/li>\n<li>Garantir un espace de paroles bienveillant.<\/li>\n<li>Apporter un cadre de r\u00e9flexion rigoureux.<\/li>\n<\/ul>\n<div class=\"table-wrapper\">\n<table id=\"listequestions\" class=\"seances\">\n<thead>\n<tr>\n<th>S\u00e9ances<\/th>\n<th>Question<\/th>\n<th>Document<\/th>\n<\/tr>\n<\/thead>\n<tbody>\n<tr>\n<td>26 mars 2026<\/td>\n<td>Avons-nous \u00ab de bonnes raisons \u00bb d\u2019ignorer des v\u00e9rit\u00e9s inconfortables ?<\/td>\n<td><\/td>\n<\/tr>\n<tr>\n<td>22 f\u00e9vrier 2026<\/td>\n<td>Le recours \u00e0 la violence signe-t-il l\u2019\u00e9chec d\u2019une relation ou en manifeste-t-il la v\u00e9rit\u00e9 ?<\/td>\n<td><\/td>\n<\/tr>\n<tr>\n<td>22 janvier 2026<\/td>\n<td>petits secrets \u00bb, \u00ab secret professionnel \u00bb, \u00ab secret de la confession \u00bb, \u00ab secret-d\u00e9fense \u00bb, \u00ab soci\u00e9t\u00e9 secr\u00e8te \u00bb : pourquoi les soci\u00e9t\u00e9s semblent-elles avoir besoin de savoirs confidentiels\/td&gt;<\/td>\n<td><a href=\"https:\/\/www.lamaisongueth.eu\/wordpress\/wp-content\/uploads\/2026\/01\/20260122SecretReflexions.pdf\" target=\"_blank\" rel=\"noopener\">Notes pr\u00e9paratoires<\/a><\/td>\n<\/tr>\n<tr>\n<td>27 novembre 2025<\/td>\n<td>La comm\u00e9moration\u00a0: une mani\u00e8re de s\u2019arranger avec notre pass\u00e9 ou une profession de foi pour notre futur\u00a0?<\/td>\n<td><a href=\"https:\/\/www.lamaisongueth.eu\/wordpress\/wp-content\/uploads\/2026\/01\/La-commemoration.CONDUCTEUR.pdf\" target=\"_blank\" rel=\"noopener\">Notes pr\u00e9paratoires<\/a><\/td>\n<\/tr>\n<tr>\n<td>16 octobre 2025<\/td>\n<td>Consentir, est-ce abandonner sa libert\u00e9 ?<\/td>\n<td><a href=\"https:\/\/www.lamaisongueth.eu\/wordpress\/wp-content\/uploads\/2026\/01\/Consentement-et-liberte.-Conducteur.pdf\" target=\"_blank\" rel=\"noopener\">Notes pr\u00e9paratoires<\/a><\/td>\n<\/tr>\n<tr>\n<td>12 septembre 2025<\/td>\n<td>(balade philo) Connais-tu Faust : lectures et pr\u00e9sentations de textes de JW Goethe par Pierre Ravenel, avec la participation de Christopher Pollmann<\/td>\n<td><\/td>\n<\/tr>\n<tr>\n<td>26 juin 2025<\/td>\n<td>(conf\u00e9rence) Engagement, promesse, serment. R\u00e9flexions philosophiques sur la parole donn\u00e9e \u00a0\u00bb ?<\/td>\n<td><a href=\"https:\/\/www.lamaisongueth.eu\/wordpress\/wp-content\/uploads\/2026\/01\/Promesses-et-serments.pdf\" target=\"_blank\" rel=\"noopener\">Pr\u00e9sentation<\/a><\/td>\n<\/tr>\n<tr>\n<td>22 mai 2025<\/td>\n<td>Qu&rsquo;est-ce qu&rsquo;\u00eatre populaire ?<\/td>\n<td><\/td>\n<\/tr>\n<tr>\n<td>24 avril 2025<\/td>\n<td>Apprend-on vraiment quelque chose de ses erreurs ?<\/td>\n<td><\/td>\n<\/tr>\n<tr>\n<td>20 mars 2025<\/td>\n<td>La vie est-elle un objet scientifique comme un autre ?<\/td>\n<td><\/td>\n<\/tr>\n<tr>\n<td>27 f\u00e9vrier 2025<\/td>\n<td>Conf\u00e9rence de Jean-Yves Tr\u00e9pos &lsquo;Leibniz cet illustre m\u00e9connu&rsquo;<\/td>\n<td><a href=\"https:\/\/www.lamaisongueth.eu\/wordpress\/wp-content\/uploads\/2025\/03\/LeibnizIllustreMeconnu.pdf\" target=\"_blank\" rel=\"noopener noreferrer\">Texte de la conf\u00e9rence<\/a><\/td>\n<\/tr>\n<tr>\n<td>30 janvier 2025<\/td>\n<td>Est-ce qu&rsquo;on peut aller bien quand le monde va mal ?<\/td>\n<td><\/td>\n<\/tr>\n<tr>\n<td>14 novembre 2024<\/td>\n<td>Soir\u00e9e sp\u00e9ciale Spinoza<\/td>\n<td><\/td>\n<\/tr>\n<tr>\n<td>8 septembre 2024<\/td>\n<td>F\u00eate de la philosophie <a href=\"https:\/\/www.lamaisongueth.eu\/fete-de-la-philo\/\">&#8230;voir plus<\/a><\/td>\n<td><a href=\"https:\/\/www.lamaisongueth.eu\/theatre-spinoza-pete-un-cable\/\"> vid\u00e9o du spectacle<\/a><\/td>\n<\/tr>\n<tr>\n<td>27 juin 2024<\/td>\n<td>Faut-il \u00eatre exemplaire pour d\u00e9fendre des principes ?<\/td>\n<td><\/td>\n<\/tr>\n<tr>\n<td>23 mai 2024<\/td>\n<td>Jusqu&rsquo;o\u00f9 peut-on aller pour d\u00e9fendre ses valeurs ?<\/td>\n<td><\/td>\n<\/tr>\n<tr>\n<td>25 avril 2024<\/td>\n<td>Comment croire quelqu&rsquo;un qui reconna\u00eet avoir menti ?<\/td>\n<td><a href=\"https:\/\/www.lamaisongueth.eu\/wordpress\/wp-content\/uploads\/2024\/05\/Croire-celui-qui-a-menti_JYT_LMG.pdf\" target=\"_blank\" rel=\"noopener noreferrer\">Compte-rendu<\/a><\/td>\n<\/tr>\n<tr>\n<td>21 mars 2024<\/td>\n<td>L\u2019homme est-il un \u00eatre qui peut ou un \u00eatre qui veut ?<\/td>\n<td><a href=\"https:\/\/www.lamaisongueth.eu\/wordpress\/wp-content\/uploads\/2024\/05\/Pouvoir-et-Vouloir_JYT_LMG.pdf\" target=\"_blank\" rel=\"noopener noreferrer\">Compte-rendu<\/a><\/td>\n<\/tr>\n<tr>\n<td>29 f\u00e9vrier 2024<\/td>\n<td>Toute critique doit-elle \u00eatre radicale ?<\/td>\n<td><a href=\"https:\/\/www.lamaisongueth.eu\/wordpress\/wp-content\/uploads\/2024\/05\/La-critique-radicale_JYT_LMG.pdf\" target=\"_blank\" rel=\"noopener noreferrer\">Compte-rendu<\/a><\/td>\n<\/tr>\n<tr>\n<td>25 janvier 2024<\/td>\n<td>Que nous reste-t-il \u00e0 faire devant une \u00ab\u00a0cause d\u00e9sesp\u00e9r\u00e9e\u00a0\u00bb ?<\/td>\n<td><a href=\"https:\/\/www.lamaisongueth.eu\/wordpress\/wp-content\/uploads\/2024\/05\/Causes-desesperees_JYT_LMG.pdf\" target=\"_blank\" rel=\"noopener noreferrer\">Compte-rendu<\/a><\/td>\n<\/tr>\n<tr>\n<td>7 d\u00e9cembre 2023<\/td>\n<td>Y a-t-il des conduites insens\u00e9es ?<\/td>\n<td><a href=\"https:\/\/www.lamaisongueth.eu\/wordpress\/wp-content\/uploads\/2024\/05\/Y-a-t-il-des-conduites-insensees_JYT_LMG.pdf&quot;\" target=\"_blank\" rel=\"noopener noreferrer\">Compte-rendu<\/a><\/td>\n<\/tr>\n<tr>\n<td>19 octobre 2023<\/td>\n<td>Sommes-nous condamn\u00e9s \u00e0 l&rsquo;incertitude ?<\/td>\n<td><a href=\"https:\/\/www.lamaisongueth.eu\/wordpress\/wp-content\/uploads\/2024\/05\/Condamnes-a-lincertitude_JYT_LMG.pdf\" target=\"_blank\" rel=\"noopener noreferrer\">Compte-rendu<\/a><\/td>\n<\/tr>\n<tr>\n<td>9 septembre 2023<\/td>\n<td>Balade philosophique \u00ab\u00a0Finitude, culpabilit\u00e9 et v\u00e9rit\u00e9\u00a0\u00bb<\/td>\n<td><a href=\"https:\/\/www.lamaisongueth.eu\/wordpress\/wp-content\/uploads\/2023\/10\/Les-chemins-tortueux-de-linnocence.pdf\" target=\"_blank\" rel=\"noopener noreferrer\">Compte-rendu<\/a><\/td>\n<\/tr>\n<tr>\n<td>15 juin 2023<\/td>\n<td>Le travail se r\u00e9duit-il \u00e0 une contrainte \u00e9conomique ?<\/td>\n<td><a href=\"https:\/\/www.lamaisongueth.eu\/wordpress\/wp-content\/uploads\/2024\/05\/Le-travail-contrainte-economique_JYT_LMG.pdf\" target=\"_blank\" rel=\"noopener noreferrer\">Compte-rendu<\/a><\/td>\n<\/tr>\n<tr>\n<td>25 mai 2023<\/td>\n<td>Conf\u00e9rence \u00ab\u00a0Utopies, importance et probl\u00e8mes\u00a0\u00bb par Robert Maier<\/td>\n<td><a href=\"https:\/\/www.lamaisongueth.eu\/fr\/conference-de-robert-maier-utopies-importance-et-problemes\/\" target=\"_blank\" rel=\"noopener noreferrer\">Article et CR audio<\/a><\/td>\n<\/tr>\n<tr>\n<td>27 avril 2023<\/td>\n<td>S\u00e9ance sp\u00e9ciale \u00ab\u00a0Qu&rsquo;avons-nous appris\u00a0\u00bb par Jean-Yves Tr\u00e9pos<\/td>\n<td><a href=\"https:\/\/www.lamaisongueth.eu\/wordpress\/wp-content\/uploads\/2023\/04\/Quavons-nous-appris.pdf\" target=\"_blank\" rel=\"noopener noreferrer\">Compte-rendu<\/a><\/td>\n<\/tr>\n<tr>\n<td>30 mars 2023<\/td>\n<td>Conf\u00e9rence \u00ab\u00a0la f\u00e9minit\u00e9 et les d\u00e9esses grecques\u00a0\u00bb par Antigone Mouchtouris<\/td>\n<td><\/td>\n<\/tr>\n<tr>\n<td>23 f\u00e9vrier 2023<\/td>\n<td>Le pardon : doit-on tout pardonner ?<\/td>\n<td><a href=\"https:\/\/www.lamaisongueth.eu\/wordpress\/wp-content\/uploads\/2023\/04\/Tout-pardonner.pdf\" target=\"_blank\" rel=\"noopener noreferrer\">Compte-rendu<\/a><\/td>\n<\/tr>\n<tr>\n<td>2 f\u00e9vrier 2023<\/td>\n<td>Qu&rsquo;est-ce qu&rsquo;un homme seul ?<\/td>\n<td><a href=\"https:\/\/www.lamaisongueth.eu\/wordpress\/wp-content\/uploads\/2023\/02\/L_homme_seul_JYT.pdf\" target=\"_blank\" rel=\"noopener noreferrer\">Compte-rendu<\/a><\/td>\n<\/tr>\n<tr>\n<td>1 d\u00e9cembre 2022<\/td>\n<td>Conf\u00e9rence \u00ab\u00a0le cannabis en 2022\u00a0\u00bb avec Claude Jacob<\/td>\n<td><a href=\"https:\/\/www.lamaisongueth.eu\/fr\/conference-de-claude-jacob\/\">Article<\/a><\/td>\n<\/tr>\n<tr>\n<td>27 octobre 2022<\/td>\n<td>Pourquoi a-t-on peur de l&rsquo;inconnu ?<\/td>\n<td><a href=\"https:\/\/www.lamaisongueth.eu\/wordpress\/wp-content\/uploads\/2022\/11\/Peur-de-l-inconnu-JYT-LMG.pdf\" target=\"_blank\" rel=\"noopener noreferrer\">Compte-rendu<\/a><\/td>\n<\/tr>\n<tr>\n<td>29 septembre 2022<\/td>\n<td>Pourquoi vouloir la v\u00e9rit\u00e9 ?<\/td>\n<td><a href=\"https:\/\/www.lamaisongueth.eu\/wordpress\/wp-content\/uploads\/2022\/10\/Pourquoi-vouloir-la-verite-JYT-LMG.pdf\" target=\"_blank\" rel=\"noopener noreferrer\">Compte-rendu<\/a><\/td>\n<\/tr>\n<tr>\n<td>10 septembre 2022<\/td>\n<td>Balade philosophique 2022 ?<\/td>\n<td><a href=\"https:\/\/www.lamaisongueth.eu\/fr\/balade-philosophique-transparence-et-intimite\/\" target=\"_blank\" rel=\"noopener noreferrer\">Article<\/a> ; <a href=\"https:\/\/www.lamaisongueth.eu\/wordpress\/wp-content\/uploads\/2024\/06\/Transparence-et-intimite-a-lheure-des-reseaux-sociaux-numeriques.pdf\" target=\"_blank\" rel=\"noopener noreferrer\">Compte-rendu<\/a><\/td>\n<\/tr>\n<tr>\n<td>30 juin 2022<\/td>\n<td>Peut-on apprendre \u00e0 vivre ?<\/td>\n<td><a href=\"https:\/\/www.lamaisongueth.eu\/wordpress\/wp-content\/uploads\/2022\/07\/Apprendre-a-vivre-JYT-LMG.pdf\" target=\"_blank\" rel=\"noopener noreferrer\">Compte-rendu<\/a><\/td>\n<\/tr>\n<tr>\n<td>19 mai 2022<\/td>\n<td>L&rsquo;homme a-t-il besoin d&rsquo;une religion ?<\/td>\n<td><\/td>\n<\/tr>\n<tr>\n<td>24 mars 2022<\/td>\n<td>Faut-il s&rsquo;adapter \u00e0 tout prix ?<\/td>\n<td><a href=\"https:\/\/www.lamaisongueth.eu\/wordpress\/wp-content\/uploads\/2022\/03\/S_adapter_a_tout_prix.pdf\" target=\"_blank\" rel=\"noopener noreferrer\">Compte-rendu<\/a><\/td>\n<\/tr>\n<tr>\n<td>28 avril 2022<\/td>\n<td>Quel est le pouvoir de l&rsquo;exp\u00e9rience sensible ?<\/td>\n<td><a href=\"https:\/\/www.lamaisongueth.eu\/wordpress\/wp-content\/uploads\/2022\/05\/Le-pouvoir-de-l-experience-sensible_JYT_LMG.pdf\" target=\"_blank\" rel=\"noopener noreferrer\">Compte-rendu<\/a><\/td>\n<\/tr>\n<tr>\n<td>24 f\u00e9vrier 2022<\/td>\n<td>Pourquoi l\u2019\u00e2ge signifierait-il plus de maturit\u00e9 ?<\/td>\n<td><a href=\"https:\/\/www.lamaisongueth.eu\/wordpress\/wp-content\/uploads\/2022\/02\/L-age-est-il-signe-de-maturite.pdf\" target=\"_blank\" rel=\"noopener noreferrer\">Compte-rendu<\/a><\/td>\n<\/tr>\n<tr>\n<td>27 janvier 2022<\/td>\n<td>Quelle est l&rsquo;utilit\u00e9 de la connaissance de soi ?<\/td>\n<td><a href=\"https:\/\/www.lamaisongueth.eu\/wordpress\/wp-content\/uploads\/2022\/01\/Quelle-utilite-de-la-connaissance-de-soi.pdf\" target=\"_blank\" rel=\"noopener noreferrer\">Compte-rendu<\/a><\/td>\n<\/tr>\n<tr>\n<td>25 novembre 2021<\/td>\n<td>Faut-il aimer autrui pour le respecter ?<\/td>\n<td><a href=\"https:\/\/www.lamaisongueth.eu\/wordpress\/wp-content\/uploads\/2021\/12\/Amour_Et_Respect_JYT_LMG.pdf\" target=\"_blank\" rel=\"noopener noreferrer\">Compte-rendu<\/a><\/td>\n<\/tr>\n<tr>\n<td>30 septembre 2021<\/td>\n<td>Conf\u00e9rence \u00ab\u00a0l&rsquo;\u00e9cole peut-elle tout ?\u00a0\u00bb avec Patrick Rayou<\/td>\n<td><a href=\"https:\/\/www.lamaisongueth.eu\/fr\/lecole-peut-elle-tout\/\">Article<\/a><\/td>\n<\/tr>\n<tr>\n<td>11 septembre 2021<\/td>\n<td>Balade philosophique \u00ab\u00a0Balzac et le travail des \u00e9motions\u00a0\u00bb<\/td>\n<td><a href=\"https:\/\/www.lamaisongueth.eu\/fr\/balade-philosophique-le-neveu-de-hegel\/\">Article<\/a><\/td>\n<\/tr>\n<tr>\n<td>6 mars 2021<\/td>\n<td>Peut-on changer le monde ?<\/td>\n<td><\/td>\n<\/tr>\n<tr>\n<td>6 f\u00e9vrier 2021<\/td>\n<td>La science doit-elle \u00eatre \u00e9thique ?<\/td>\n<td><\/td>\n<\/tr>\n<tr>\n<td>29 octobre 2020<\/td>\n<td>Qu\u2019est-ce qu\u2019une pens\u00e9e libre ?<\/td>\n<td><a href=\"https:\/\/www.lamaisongueth.eu\/wordpress\/wp-content\/uploads\/2020\/11\/UnePenseelibre_JYT_LMG.pdf\" target=\"_blank\" rel=\"noopener noreferrer\">Compte-rendu<\/a><\/td>\n<\/tr>\n<tr>\n<td>24 septembre 2020<\/td>\n<td>Peut-on vivre sans peur ?<\/td>\n<td><a href=\"https:\/\/www.lamaisongueth.eu\/wordpress\/wp-content\/uploads\/2020\/10\/Vivre-sans-peur_JYT_LMG.pdf\" target=\"_blank\" rel=\"noopener noreferrer\">Compte-rendu<\/a><\/td>\n<\/tr>\n<tr>\n<td>27 f\u00e9vrier 2020<\/td>\n<td>La culture est-elle un facteur d&rsquo;humanisation ?<\/td>\n<td><\/td>\n<\/tr>\n<tr>\n<td>30 janvier 2020<\/td>\n<td>L&rsquo;origine de la beaut\u00e9 est-elle dans l&rsquo;objet ou dans le regard ?<\/td>\n<td><\/td>\n<\/tr>\n<tr>\n<td>28 novembre 2019<\/td>\n<td>La soci\u00e9t\u00e9 actuelle infantilise-t-elle les adultes ? Animation : Alexandra, Laurant<\/td>\n<td><\/td>\n<\/tr>\n<tr>\n<td>31 octobre 2019<\/td>\n<td>La recherche du bonheur est-elle un acte \u00e9go\u00efste ?<\/td>\n<td><a href=\"https:\/\/www.lamaisongueth.eu\/wordpress\/wp-content\/uploads\/2020\/03\/La-recherche-du-bonheur.pdf\" target=\"_blank\" rel=\"noopener noreferrer\">Compte-rendu<\/a><\/td>\n<\/tr>\n<tr>\n<td>26 septembre 2019<\/td>\n<td>Pourquoi la philosophie pose-t-elle les m\u00eames questions depuis 2500 ans ?<\/td>\n<td><a href=\"https:\/\/www.lamaisongueth.eu\/wordpress\/wp-content\/uploads\/2020\/03\/Problemes-philosophiques.pdf\" target=\"_blank\" rel=\"noopener noreferrer\">Compte-rendu<\/a><\/td>\n<\/tr>\n<tr>\n<td>14 septembre 2019<\/td>\n<td>Balade philosophique \u00ab\u00a0le neveu de Hegel\u00a0\u00bb<\/td>\n<td><a href=\"https:\/\/www.lamaisongueth.eu\/fr\/le-neveu-de-hegel-balade-philosophique-du-14-septembre-2019\/\">Mini reportage<\/a><\/td>\n<\/tr>\n<tr>\n<td>4 juillet 2019<\/td>\n<td>\u00ab\u00a0la conscience rend-elle libre ?\u00a0\u00bb<\/td>\n<td><a href=\"https:\/\/www.lamaisongueth.eu\/wordpress\/wp-content\/uploads\/2020\/03\/CONSCIENCE-ET-LIBERTE.pdf\" target=\"_blank\" rel=\"noopener noreferrer\">Compte-rendu<\/a><\/td>\n<\/tr>\n<tr>\n<td>11 juin 2019<\/td>\n<td>\u00ab\u00a0Les gilets jaunes et la d\u00e9mocratie\u00a0\u00bb Conf\u00e9rence de J. Rogozinski<\/td>\n<td><a href=\"https:\/\/www.lamaisongueth.eu\/fr\/conference-de-jacob-rogozinski\/\">Article et CR audio<\/a><\/td>\n<\/tr>\n<tr>\n<td>6 juin 2019<\/td>\n<td>Quelle est la fonction de l\u2019art dans la soci\u00e9t\u00e9 ?<\/td>\n<td><a href=\"https:\/\/www.lamaisongueth.eu\/wordpress\/wp-content\/uploads\/2019\/06\/FONCTIONS-DE-LART.pdf\" target=\"_blank\" rel=\"noopener noreferrer\">Compte-rendu<\/a><\/td>\n<\/tr>\n<tr>\n<td>25 avril 2019<\/td>\n<td>Qu&rsquo;est-ce que r\u00e9ussir sa vie ?<\/td>\n<td><a href=\"https:\/\/www.lamaisongueth.eu\/wordpress\/wp-content\/uploads\/2019\/05\/ReussirSaVie.pdf\" target=\"_blank\" rel=\"noopener noreferrer\">Compte-rendu<\/a><\/td>\n<\/tr>\n<tr>\n<td>28 mars 2019<\/td>\n<td>Les croyances unissent-elles plus les hommes que le savoir ?<\/td>\n<td style=\"width: 26.709401709401707%; height: 10px;\"><a href=\"https:\/\/www.lamaisongueth.eu\/wordpress\/wp-content\/uploads\/2019\/04\/CroyancesSavoir.pdf\">Compte-rendu<\/a><\/td>\n<\/tr>\n<tr>\n<td>7 mars 2019<\/td>\n<td>Communiquer est-ce dialoguer ?<\/td>\n<td style=\"width: 26.709401709401707%; height: 10px;\"><a href=\"https:\/\/www.lamaisongueth.eu\/wordpress\/wp-content\/uploads\/2019\/03\/Communiquer.pdf\">Compte-rendu<\/a> <a href=\"http:\/\/www.lamaisongueth.eu\/wordpress\/wp-content\/uploads\/2019\/03\/Notes-sur-le-mythe-d\u2019Er.pdf\">Mythe d&rsquo;Er<\/a><\/td>\n<\/tr>\n<tr>\n<td>31 janvier 2019<\/td>\n<td>La d\u00e9sob\u00e9issance peut-elle \u00eatre utile ?<\/td>\n<td><a href=\"https:\/\/www.lamaisongueth.eu\/wordpress\/wp-content\/uploads\/2019\/02\/La-d\u00e9sob\u00e9issance-peut-elle-\u00eatre-utile.pdf\">Compte-rendu<\/a><\/td>\n<\/tr>\n<tr>\n<td>6 d\u00e9cembre<\/td>\n<td>\u00ab\u00a0L&rsquo;intelligence peut-elle s&rsquo;\u00e9duquer\u00a0\u00bb Conf\u00e9rence de Jean-Paul Resweber.<\/td>\n<td><a title=\"Vivre sa vie sans illusion\" href=\"https:\/\/www.lamaisongueth.eu\/fr\/conference-de-jean-paul-resweber-2\/\" rel=\"noopener\">Article et CR audio<\/a><\/td>\n<\/tr>\n<tr>\n<td>25 octobre 2018<\/td>\n<td>\u00ab\u00a0Faut-il se m\u00e9fier de ses \u00e9motions ?\u00a0\u00bb<\/td>\n<td><a title=\"Vivre sa vie sans illusion\" href=\"https:\/\/www.lamaisongueth.eu\/wordpress\/wp-content\/uploads\/2018\/10\/FautilSeMefierEmotions.pdf\" target=\"_blank\" rel=\"noopener noreferrer\">Compte-rendu<\/a><\/td>\n<\/tr>\n<tr>\n<td>27 septembre 2018<\/td>\n<td>\u00ab\u00a0Quel est l&rsquo;int\u00e9r\u00eat de la r\u00e9flexion philosophique ?\u00a0\u00bb<\/td>\n<td><a title=\"Vivre sa vie sans illusion\" href=\"https:\/\/www.lamaisongueth.eu\/wordpress\/wp-content\/uploads\/2018\/10\/InteretReflexionPhilosophique.pdf\" target=\"_blank\" rel=\"noopener noreferrer\">Compte-rendu<\/a><\/td>\n<\/tr>\n<tr>\n<td>30 ao\u00fbt 2018<\/td>\n<td>Peut-on vivre sa vie sans illusion ?\u00a0\u00bb<\/td>\n<td><a title=\"Vivre sa vie sans illusion\" href=\"https:\/\/www.lamaisongueth.eu\/wordpress\/wp-content\/uploads\/2018\/09\/Vivre-sa-vie-sans-illusions.pdf\" target=\"_blank\" rel=\"noopener noreferrer\"> Compte-rendu<\/a><\/td>\n<\/tr>\n<tr>\n<td>28 juin 2018<\/td>\n<td>\u00ab\u00a0Y a-t-il des limites \u00e0 la tol\u00e9rance ?\u00a0\u00bb<\/td>\n<td><\/td>\n<\/tr>\n<tr>\n<td>31 mai 2018<\/td>\n<td>\u00ab\u00a0A quelle(s) condition(s) un raisonnement peut-il \u00eatre dit d\u00e9mocratique?\u00a0\u00bb<\/td>\n<td><\/td>\n<\/tr>\n<\/tbody>\n<\/table>\n<\/div>\n<p><\/p>","protected":false},"excerpt":{"rendered":"<p>Le caf\u00e9 philo se tient -en principe- le dernier jeudi de chaque mois. Il r\u00e9unit en moyenne 20 participants, ce qui constitue la limite du local dans lequel nous philosophons. Ci-dessous, vous trouverez le principe g\u00e9n\u00e9ral de ces s\u00e9ances, ainsi que la liste des questions d\u00e9battues et les comptes rendus des s\u00e9ances pass\u00e9es. Et en<span class=\"more-link\">Continue reading<\/span><\/p>\n","protected":false},"author":1,"featured_media":0,"comment_status":"open","ping_status":"closed","sticky":false,"template":"","format":"standard","meta":{"footnotes":""},"categories":[4],"tags":[],"class_list":["post-506","post","type-post","status-publish","format-standard","hentry","category-evenement"],"_links":{"self":[{"href":"https:\/\/www.lamaisongueth.eu\/fr\/wp-json\/wp\/v2\/posts\/506","targetHints":{"allow":["GET"]}}],"collection":[{"href":"https:\/\/www.lamaisongueth.eu\/fr\/wp-json\/wp\/v2\/posts"}],"about":[{"href":"https:\/\/www.lamaisongueth.eu\/fr\/wp-json\/wp\/v2\/types\/post"}],"author":[{"embeddable":true,"href":"https:\/\/www.lamaisongueth.eu\/fr\/wp-json\/wp\/v2\/users\/1"}],"replies":[{"embeddable":true,"href":"https:\/\/www.lamaisongueth.eu\/fr\/wp-json\/wp\/v2\/comments?post=506"}],"version-history":[{"count":151,"href":"https:\/\/www.lamaisongueth.eu\/fr\/wp-json\/wp\/v2\/posts\/506\/revisions"}],"predecessor-version":[{"id":1777,"href":"https:\/\/www.lamaisongueth.eu\/fr\/wp-json\/wp\/v2\/posts\/506\/revisions\/1777"}],"wp:attachment":[{"href":"https:\/\/www.lamaisongueth.eu\/fr\/wp-json\/wp\/v2\/media?parent=506"}],"wp:term":[{"taxonomy":"category","embeddable":true,"href":"https:\/\/www.lamaisongueth.eu\/fr\/wp-json\/wp\/v2\/categories?post=506"},{"taxonomy":"post_tag","embeddable":true,"href":"https:\/\/www.lamaisongueth.eu\/fr\/wp-json\/wp\/v2\/tags?post=506"}],"curies":[{"name":"wp","href":"https:\/\/api.w.org\/{rel}","templated":true}]}}