{"id":791,"date":"2019-09-28T00:10:54","date_gmt":"2019-09-27T23:10:54","guid":{"rendered":"http:\/\/lamaisongueth.eu\/?p=791"},"modified":"2019-09-28T09:10:13","modified_gmt":"2019-09-28T08:10:13","slug":"le-neveu-de-hegel-balade-philosophique-du-14-septembre-2019","status":"publish","type":"post","link":"https:\/\/www.lamaisongueth.eu\/fr\/le-neveu-de-hegel-balade-philosophique-du-14-septembre-2019\/","title":{"rendered":"Le neveu de Hegel, balade philosophique du 14 septembre 2019"},"content":{"rendered":"<p>Le caf\u00e9 philo est sorti des murs de la Maison G\u00fcth en ce 14 septembre, samedi\u00a0ensoleill\u00e9 ; nous \u00e9tions 30 philosophes en -et sur- l&rsquo;herbe du Huhnerberg, cette colline qui domine le village et donne \u00e0 voir de beaux lointains, et nous \u00e9coutions Pierre Ravenel lire le troisi\u00e8me extrait du \u00ab\u00a0neveu de Rameau\u00a0\u00bb. Les deux premiers extraits de cet ouvrage \u00e9crit par Diderot avaient \u00e9t\u00e9 lus, le\u00a0premier \u00e0 la Maison G\u00fcth, et le second au pied d&rsquo;un beau ch\u00eane de la for\u00eat de Hoste. Retour \u00e0 la maison G\u00fcth pour un pique-nique dans le jardin, convivial et joyeux, sans trop s&rsquo;y attarder cependant, car il restait de l&rsquo;ouvrage sur le m\u00e9tier&#8230;<\/p>\n<p>La quatri\u00e8me lecture fut livr\u00e9e dans le jardin, sous le noyer. Pierre Ravenel donna de la voix pour couvrir la clameur d&rsquo;un f\u00e2cheux faucheur \u00e0 moteur. Pour la cinqui\u00e8me et derni\u00e8re lecture, nous nous pos\u00e2mes au lieu-dit \u00ab\u00a0le repos du promeneur\u00a0\u00bb. Les promeneurs \u00e9taient philosophes et le lecteur, n&rsquo;avait rien perdu de sa vigueur oratoire.<\/p>\n<p>Au retour de la longue marche, Jean-Yves nous surprit on donnant une conf\u00e9rence captivante -et \u00e9nergique- sur \u00ab\u00a0le neveu de Rameau\u00a0\u00bb dont cinq extraits avaient \u00e9t\u00e9 lus au cours de la journ\u00e9e, mettant en lumi\u00e8re les id\u00e9es d\u00e9velopp\u00e9es par Hegel sur ce texte (d&rsquo;o\u00f9 le titre \u00ab\u00a0le neveu de Hegel\u00a0\u00bb, un peu saugrenu, donn\u00e9 \u00e0 cette balade philosophique). \u00a0Le texte int\u00e9gral de cette conf\u00e9rence est disponible en suivant<a href=\"http:\/\/lamaisongueth.eu\/archives\/793\"> ce lien<\/a>.<\/p>\n<p>Merci \u00e0 Pierre et Jean-Yves, aux participant, ainsi qu&rsquo;aux b\u00e9n\u00e9voles sans qui cette belle journ\u00e9e n&rsquo;aurait pas pu avoir lieu.<\/p>\n<p>\n\t\t<!-- MasterSlider -->\n\t\t<div id=\"P_MS69f2bad2bf8fa\" class=\"master-slider-parent ms-parent-id-11\" style=\"max-width:1280px;\" >\n\n\t\t\t\n\t\t\t<!-- MasterSlider Main -->\n\t\t\t<div id=\"MS69f2bad2bf8fa\" class=\"master-slider ms-skin-metro\" >\n\t\t\t\t \t\t\t\t \n\t\t\t<div  class=\"ms-slide\" data-delay=\"3\" data-fill-mode=\"fill\"   >\n\t\t\t\t\t<img decoding=\"async\" src=\"https:\/\/www.lamaisongueth.eu\/wordpress\/wp-content\/plugins\/masterslider\/public\/assets\/css\/blank.gif\" alt=\"\" title=\"BALADE PHILO 2019.09.14.Liliane Gabrys111\" data-src=\"https:\/\/www.lamaisongueth.eu\/wordpress\/wp-content\/uploads\/2019\/09\/BALADE-PHILO-2019.09.14.Liliane-Gabrys111-1280x960.jpg\" \/>\n\n\n\t<img decoding=\"async\" class=\"ms-thumb\" src=\"https:\/\/www.lamaisongueth.eu\/wordpress\/wp-content\/uploads\/2019\/09\/BALADE-PHILO-2019.09.14.Liliane-Gabrys111-100x80.jpg\" alt=\"\" \/>\n\t\t\t\t<\/div>\n\t\t\t<div  class=\"ms-slide\" data-delay=\"3\" data-fill-mode=\"fill\"   >\n\t\t\t\t\t<img decoding=\"async\" src=\"https:\/\/www.lamaisongueth.eu\/wordpress\/wp-content\/plugins\/masterslider\/public\/assets\/css\/blank.gif\" alt=\"\" title=\"PRavenel4\" data-src=\"https:\/\/www.lamaisongueth.eu\/wordpress\/wp-content\/uploads\/2019\/09\/PRavenel4.jpg\" \/>\n\n\n\t<img decoding=\"async\" class=\"ms-thumb\" src=\"https:\/\/www.lamaisongueth.eu\/wordpress\/wp-content\/uploads\/2019\/09\/PRavenel4-100x80.jpg\" alt=\"\" \/>\n\t\t\t\t<\/div>\n\t\t\t<div  class=\"ms-slide\" data-delay=\"3\" data-fill-mode=\"fill\"   >\n\t\t\t\t\t<img decoding=\"async\" src=\"https:\/\/www.lamaisongueth.eu\/wordpress\/wp-content\/plugins\/masterslider\/public\/assets\/css\/blank.gif\" alt=\"\" title=\"BALADE PHILO 2019.09.14.Liliane Gabrys22\" data-src=\"https:\/\/www.lamaisongueth.eu\/wordpress\/wp-content\/uploads\/2019\/09\/BALADE-PHILO-2019.09.14.Liliane-Gabrys22.jpg\" \/>\n\n\n\t<img decoding=\"async\" class=\"ms-thumb\" src=\"https:\/\/www.lamaisongueth.eu\/wordpress\/wp-content\/uploads\/2019\/09\/BALADE-PHILO-2019.09.14.Liliane-Gabrys22-100x80.jpg\" alt=\"\" \/>\n\t\t\t\t<\/div>\n\t\t\t<div  class=\"ms-slide\" data-delay=\"3\" data-fill-mode=\"fill\"   >\n\t\t\t\t\t<img decoding=\"async\" src=\"https:\/\/www.lamaisongueth.eu\/wordpress\/wp-content\/plugins\/masterslider\/public\/assets\/css\/blank.gif\" alt=\"\" title=\"BALADE_PHILO2\" data-src=\"https:\/\/www.lamaisongueth.eu\/wordpress\/wp-content\/uploads\/2019\/09\/BALADE_PHILO2.jpeg\" \/>\n\n\n\t<img decoding=\"async\" class=\"ms-thumb\" src=\"https:\/\/www.lamaisongueth.eu\/wordpress\/wp-content\/uploads\/2019\/09\/BALADE_PHILO2-100x80.jpeg\" alt=\"\" \/>\n\t\t\t\t<\/div>\n\t\t\t<div  class=\"ms-slide\" data-delay=\"3\" data-fill-mode=\"fill\"   >\n\t\t\t\t\t<img decoding=\"async\" src=\"https:\/\/www.lamaisongueth.eu\/wordpress\/wp-content\/plugins\/masterslider\/public\/assets\/css\/blank.gif\" alt=\"\" title=\"BALADE PHILO 2019.09.14.Liliane Gabrys24\" data-src=\"https:\/\/www.lamaisongueth.eu\/wordpress\/wp-content\/uploads\/2019\/09\/BALADE-PHILO-2019.09.14.Liliane-Gabrys24.jpg\" \/>\n\n\n\t<img decoding=\"async\" class=\"ms-thumb\" src=\"https:\/\/www.lamaisongueth.eu\/wordpress\/wp-content\/uploads\/2019\/09\/BALADE-PHILO-2019.09.14.Liliane-Gabrys24-100x80.jpg\" alt=\"\" \/>\n\t\t\t\t<\/div>\n\t\t\t<div  class=\"ms-slide\" data-delay=\"3\" data-fill-mode=\"fill\"   >\n\t\t\t\t\t<img decoding=\"async\" src=\"https:\/\/www.lamaisongueth.eu\/wordpress\/wp-content\/plugins\/masterslider\/public\/assets\/css\/blank.gif\" alt=\"\" title=\"PRavenel5\" data-src=\"https:\/\/www.lamaisongueth.eu\/wordpress\/wp-content\/uploads\/2019\/09\/PRavenel5.jpg\" \/>\n\n\n\t<img decoding=\"async\" class=\"ms-thumb\" src=\"https:\/\/www.lamaisongueth.eu\/wordpress\/wp-content\/uploads\/2019\/09\/PRavenel5-100x80.jpg\" alt=\"\" \/>\n\t\t\t\t<\/div>\n\t\t\t<div  class=\"ms-slide\" data-delay=\"3\" data-fill-mode=\"fill\"   >\n\t\t\t\t\t<img decoding=\"async\" src=\"https:\/\/www.lamaisongueth.eu\/wordpress\/wp-content\/plugins\/masterslider\/public\/assets\/css\/blank.gif\" alt=\"\" title=\"PRavenel3\" data-src=\"https:\/\/www.lamaisongueth.eu\/wordpress\/wp-content\/uploads\/2019\/09\/PRavenel3.jpg\" \/>\n\n\n\t<img decoding=\"async\" class=\"ms-thumb\" src=\"https:\/\/www.lamaisongueth.eu\/wordpress\/wp-content\/uploads\/2019\/09\/PRavenel3-100x80.jpg\" alt=\"\" \/>\n\t\t\t\t<\/div>\n\t\t\t<div  class=\"ms-slide\" data-delay=\"3\" data-fill-mode=\"fill\"   >\n\t\t\t\t\t<img decoding=\"async\" src=\"https:\/\/www.lamaisongueth.eu\/wordpress\/wp-content\/plugins\/masterslider\/public\/assets\/css\/blank.gif\" alt=\"\" title=\"BALADE PHILO 2019.09.14.Liliane Gabrys46\" data-src=\"https:\/\/www.lamaisongueth.eu\/wordpress\/wp-content\/uploads\/2019\/09\/BALADE-PHILO-2019.09.14.Liliane-Gabrys46.jpg\" \/>\n\n\n\t<img decoding=\"async\" class=\"ms-thumb\" src=\"https:\/\/www.lamaisongueth.eu\/wordpress\/wp-content\/uploads\/2019\/09\/BALADE-PHILO-2019.09.14.Liliane-Gabrys46-100x80.jpg\" alt=\"\" \/>\n\t\t\t\t<\/div>\n\t\t\t<div  class=\"ms-slide\" data-delay=\"3\" data-fill-mode=\"fill\"   >\n\t\t\t\t\t<img decoding=\"async\" src=\"https:\/\/www.lamaisongueth.eu\/wordpress\/wp-content\/plugins\/masterslider\/public\/assets\/css\/blank.gif\" alt=\"\" title=\"BALADE PHILO 2019.09.14.Liliane Gabrys39\" data-src=\"https:\/\/www.lamaisongueth.eu\/wordpress\/wp-content\/uploads\/2019\/09\/BALADE-PHILO-2019.09.14.Liliane-Gabrys39-1280x960.jpg\" \/>\n\n\n\t<img decoding=\"async\" class=\"ms-thumb\" src=\"https:\/\/www.lamaisongueth.eu\/wordpress\/wp-content\/uploads\/2019\/09\/BALADE-PHILO-2019.09.14.Liliane-Gabrys39-100x80.jpg\" alt=\"\" \/>\n\t\t\t\t<\/div>\n\t\t\t<div  class=\"ms-slide\" data-delay=\"3\" data-fill-mode=\"fill\"   >\n\t\t\t\t\t<img decoding=\"async\" src=\"https:\/\/www.lamaisongueth.eu\/wordpress\/wp-content\/plugins\/masterslider\/public\/assets\/css\/blank.gif\" alt=\"\" title=\"BALADE PHILO 2019.09.14.Liliane Gabrys34\" data-src=\"https:\/\/www.lamaisongueth.eu\/wordpress\/wp-content\/uploads\/2019\/09\/BALADE-PHILO-2019.09.14.Liliane-Gabrys34.jpg\" \/>\n\n\n\t<img decoding=\"async\" class=\"ms-thumb\" src=\"https:\/\/www.lamaisongueth.eu\/wordpress\/wp-content\/uploads\/2019\/09\/BALADE-PHILO-2019.09.14.Liliane-Gabrys34-100x80.jpg\" alt=\"\" \/>\n\t\t\t\t<\/div>\n\t\t\t<div  class=\"ms-slide\" data-delay=\"3\" data-fill-mode=\"fill\"   >\n\t\t\t\t\t<img decoding=\"async\" src=\"https:\/\/www.lamaisongueth.eu\/wordpress\/wp-content\/plugins\/masterslider\/public\/assets\/css\/blank.gif\" alt=\"\" title=\"BALADE PHILO 2019.09.14.Liliane Gabrys70\" data-src=\"https:\/\/www.lamaisongueth.eu\/wordpress\/wp-content\/uploads\/2019\/09\/BALADE-PHILO-2019.09.14.Liliane-Gabrys70.jpg\" \/>\n\n\n\t<img decoding=\"async\" class=\"ms-thumb\" src=\"https:\/\/www.lamaisongueth.eu\/wordpress\/wp-content\/uploads\/2019\/09\/BALADE-PHILO-2019.09.14.Liliane-Gabrys70-100x80.jpg\" alt=\"\" \/>\n\t\t\t\t<\/div>\n\t\t\t<div  class=\"ms-slide\" data-delay=\"3\" data-fill-mode=\"fill\"   >\n\t\t\t\t\t<img decoding=\"async\" src=\"https:\/\/www.lamaisongueth.eu\/wordpress\/wp-content\/plugins\/masterslider\/public\/assets\/css\/blank.gif\" alt=\"\" title=\"PRavenel1\" data-src=\"https:\/\/www.lamaisongueth.eu\/wordpress\/wp-content\/uploads\/2019\/09\/PRavenel1.jpg\" \/>\n\n\n\t<img decoding=\"async\" class=\"ms-thumb\" src=\"https:\/\/www.lamaisongueth.eu\/wordpress\/wp-content\/uploads\/2019\/09\/PRavenel1-100x80.jpg\" alt=\"\" \/>\n\t\t\t\t<\/div>\n\t\t\t<div  class=\"ms-slide\" data-delay=\"3\" data-fill-mode=\"fill\"   >\n\t\t\t\t\t<img decoding=\"async\" src=\"https:\/\/www.lamaisongueth.eu\/wordpress\/wp-content\/plugins\/masterslider\/public\/assets\/css\/blank.gif\" alt=\"\" title=\"BALADE_PHILO_JYT\" data-src=\"https:\/\/www.lamaisongueth.eu\/wordpress\/wp-content\/uploads\/2019\/09\/BALADE_PHILO_JYT.png\" \/>\n\n\n\t<img decoding=\"async\" class=\"ms-thumb\" src=\"https:\/\/www.lamaisongueth.eu\/wordpress\/wp-content\/uploads\/2019\/09\/BALADE_PHILO_JYT-100x80.png\" alt=\"\" \/>\n\t\t\t\t<\/div>\n\t\t\t<div  class=\"ms-slide\" data-delay=\"3\" data-fill-mode=\"fill\"   >\n\t\t\t\t\t<img decoding=\"async\" src=\"https:\/\/www.lamaisongueth.eu\/wordpress\/wp-content\/plugins\/masterslider\/public\/assets\/css\/blank.gif\" alt=\"\" title=\"DIDEROT Le neveu de Rameau. LG\" data-src=\"https:\/\/www.lamaisongueth.eu\/wordpress\/wp-content\/uploads\/2019\/09\/DIDEROT-Le-neveu-de-Rameau.-LG-1280x960.jpg\" \/>\n\n\n\t<img decoding=\"async\" class=\"ms-thumb\" src=\"https:\/\/www.lamaisongueth.eu\/wordpress\/wp-content\/uploads\/2019\/09\/DIDEROT-Le-neveu-de-Rameau.-LG-100x80.jpg\" alt=\"\" \/>\n\t\t\t\t<\/div>\n\n\t\t\t<\/div>\n\t\t\t<!-- END MasterSlider Main -->\n\n\t\t\t \n\t\t<\/div>\n\t\t<!-- END MasterSlider -->\n\n\t\t<script>\n\t\t( window.MSReady = window.MSReady || [] ).push( function( $ ) {\n\n\t\t\t\"use strict\";\n\t\t\tvar masterslider_f8fa = new MasterSlider();\n\n\t\t\t\/\/ slider controls\n\t\t\tmasterslider_f8fa.control('arrows'     ,{ autohide:true, overVideo:true  });\n\t\t\tmasterslider_f8fa.control('thumblist'  ,{ autohide:false, overVideo:true, dir:'h', speed:17, inset:false, arrows:false, hover:false, customClass:'', align:'bottom',type:'thumbs', margin:10, width:100, height:80, space:5, fillMode:'tile'  });\n\t\t\t\/\/ slider setup\n\t\t\tmasterslider_f8fa.setup(\"MS69f2bad2bf8fa\", {\n\t\t\t\twidth           : 1280,\n\t\t\t\theight          : 960,\n\t\t\t\tminHeight       : 0,\n\t\t\t\tspace           : 0,\n\t\t\t\tstart           : 1,\n\t\t\t\tgrabCursor      : true,\n\t\t\t\tswipe           : true,\n\t\t\t\tmouse           : true,\n\t\t\t\tkeyboard        : true,\n\t\t\t\tlayout          : \"boxed\",\n\t\t\t\twheel           : false,\n\t\t\t\tautoplay        : true,\n                instantStartLayers:false,\n\t\t\t\tmobileBGVideo:false,\n\t\t\t\tloop            : false,\n\t\t\t\tshuffle         : false,\n\t\t\t\tpreload         : 0,\n\t\t\t\theightLimit     : true,\n\t\t\t\tautoHeight      : true,\n\t\t\t\tsmoothHeight    : true,\n\t\t\t\tendPause        : true,\n\t\t\t\toverPause       : false,\n\t\t\t\tfillMode        : \"fill\",\n\t\t\t\tcenterControls  : true,\n\t\t\t\tstartOnAppear   : false,\n\t\t\t\tlayersMode      : \"center\",\n\t\t\t\tautofillTarget  : \"\",\n\t\t\t\thideLayers      : false,\n\t\t\t\tfullscreenMargin: 0,\n\t\t\t\tspeed           : 25,\n\t\t\t\tdir             : \"h\",\n\t\t\t\tresponsive      : true,\n\t\t\t\ttabletWidth     : 768,\n\t\t\t\ttabletHeight    : null,\n\t\t\t\tphoneWidth      : 480,\n\t\t\t\tphoneHeight    : null,\n\t\t\t\tsizingReference : window,\n\t\t\t\tparallaxMode    : 'swipe',\n\t\t\t\tview            : \"basic\"\n\t\t\t});\n\n\t\t\t\t\t\tMSScrollParallax.setup( masterslider_f8fa, 30, 50, true );\n\t\t\twindow.masterslider_instances = window.masterslider_instances || [];\n\t\t\twindow.masterslider_instances.push( masterslider_f8fa );\n\t\t});\n\t\t<\/script>\n\n<\/p>","protected":false},"excerpt":{"rendered":"<p>Le caf\u00e9 philo est sorti des murs de la Maison G\u00fcth en ce 14 septembre, samedi\u00a0ensoleill\u00e9 ; nous \u00e9tions 30 philosophes en -et sur- l&rsquo;herbe du Huhnerberg, cette colline qui domine le village et donne \u00e0 voir de beaux lointains, et nous \u00e9coutions Pierre Ravenel lire le troisi\u00e8me extrait du \u00ab\u00a0neveu de Rameau\u00a0\u00bb. Les deux<span class=\"more-link\">Continue reading<\/span><\/p>\n","protected":false},"author":1,"featured_media":0,"comment_status":"closed","ping_status":"closed","sticky":false,"template":"","format":"standard","meta":{"footnotes":""},"categories":[4],"tags":[],"class_list":["post-791","post","type-post","status-publish","format-standard","hentry","category-evenement"],"_links":{"self":[{"href":"https:\/\/www.lamaisongueth.eu\/fr\/wp-json\/wp\/v2\/posts\/791","targetHints":{"allow":["GET"]}}],"collection":[{"href":"https:\/\/www.lamaisongueth.eu\/fr\/wp-json\/wp\/v2\/posts"}],"about":[{"href":"https:\/\/www.lamaisongueth.eu\/fr\/wp-json\/wp\/v2\/types\/post"}],"author":[{"embeddable":true,"href":"https:\/\/www.lamaisongueth.eu\/fr\/wp-json\/wp\/v2\/users\/1"}],"replies":[{"embeddable":true,"href":"https:\/\/www.lamaisongueth.eu\/fr\/wp-json\/wp\/v2\/comments?post=791"}],"version-history":[{"count":5,"href":"https:\/\/www.lamaisongueth.eu\/fr\/wp-json\/wp\/v2\/posts\/791\/revisions"}],"predecessor-version":[{"id":867,"href":"https:\/\/www.lamaisongueth.eu\/fr\/wp-json\/wp\/v2\/posts\/791\/revisions\/867"}],"wp:attachment":[{"href":"https:\/\/www.lamaisongueth.eu\/fr\/wp-json\/wp\/v2\/media?parent=791"}],"wp:term":[{"taxonomy":"category","embeddable":true,"href":"https:\/\/www.lamaisongueth.eu\/fr\/wp-json\/wp\/v2\/categories?post=791"},{"taxonomy":"post_tag","embeddable":true,"href":"https:\/\/www.lamaisongueth.eu\/fr\/wp-json\/wp\/v2\/tags?post=791"}],"curies":[{"name":"wp","href":"https:\/\/api.w.org\/{rel}","templated":true}]}}